{"id":31330,"date":"2019-03-13T10:35:47","date_gmt":"2019-03-13T10:35:47","guid":{"rendered":"http:\/\/diadianoticias.com.br\/?p=31330"},"modified":"2019-03-13T10:35:47","modified_gmt":"2019-03-13T10:35:47","slug":"secretaria-municipal-de-saude-promove-curso-para-gestantes-e-acompanhantes","status":"publish","type":"post","link":"https:\/\/diadianoticias.com.br\/?p=31330","title":{"rendered":"Secretaria Municipal de Sa\u00fade promove curso para gestantes e acompanhantes"},"content":{"rendered":"<p><em>Primeiro encontro acontece nesta quarta-feira (13), \u00e0s 19h30, e ir\u00e1 tratar quest\u00f5es referentes ao parto normal <\/em><\/p>\n<p><a href=\"http:\/\/diadianoticias.com.br\/wp-content\/uploads\/2019\/03\/Curso-Gestantes.jpeg\"><img loading=\"lazy\" decoding=\"async\" class=\"alignleft size-medium wp-image-31331\" src=\"http:\/\/diadianoticias.com.br\/wp-content\/uploads\/2019\/03\/Curso-Gestantes-213x300.jpeg\" alt=\"\" width=\"213\" height=\"300\" srcset=\"https:\/\/diadianoticias.com.br\/wp-content\/uploads\/2019\/03\/Curso-Gestantes-213x300.jpeg 213w, https:\/\/diadianoticias.com.br\/wp-content\/uploads\/2019\/03\/Curso-Gestantes-768x1084.jpeg 768w, https:\/\/diadianoticias.com.br\/wp-content\/uploads\/2019\/03\/Curso-Gestantes-726x1024.jpeg 726w, https:\/\/diadianoticias.com.br\/wp-content\/uploads\/2019\/03\/Curso-Gestantes.jpeg 907w\" sizes=\"auto, (max-width: 213px) 100vw, 213px\" \/><\/a>A gravidez \u00e9 um per\u00edodo cercado por d\u00favidas. Como ser\u00e1 na hora do parto? E o momento da amamenta\u00e7\u00e3o? Depois que meu beb\u00ea nascer, quais devem ser os cuidados? Para responder estas e outras perguntas e simplificar a vida dos pais, a Prefeitura de Cianorte, por meio da Secretaria de Sa\u00fade, inicia nesta quarta-feira (13), no audit\u00f3rio da 13\u00aa Regional de Sa\u00fade, um curso para gestantes e seus acompanhantes. Ser\u00e3o tr\u00eas encontros, todas \u00e0s quartas-feiras, no mesmo hor\u00e1rio, que tratar\u00e3o os temas: parto, amamenta\u00e7\u00e3o e cuidados com o beb\u00ea.<\/p>\n<p>\u201cNotamos que os pacientes t\u00eam chegado muito despreparados para o momento do parto, com muito medo\u201d, conta a enfermeira obstetra, Sabrina Moro, do projeto Gestar e Amar, que est\u00e1 \u00e0 frente da iniciativa. \u201cCom simples esclarecimentos como esses que pretendemos oferecer, temos certeza que, tanto o momento do nascimento, quanto depois dele, ficar\u00e1 mais f\u00e1cil e tranquilo para os genitores\u201d, completa. Para participar n\u00e3o \u00e9 preciso inscri\u00e7\u00e3o pr\u00e9via. A \u00fanica solicita\u00e7\u00e3o dos organizadores \u00e9 a apresenta\u00e7\u00e3o da carteirinha de gestante. A participa\u00e7\u00e3o \u00e9 gratuita.<\/p>\n<p><em>(Fonte: Assessoria de Comunica\u00e7\u00e3o)<\/em><\/p>\n","protected":false},"excerpt":{"rendered":"<div class=\"mh-excerpt\"><p>Primeiro encontro acontece nesta quarta-feira (13), \u00e0s 19h30, e ir\u00e1 tratar quest\u00f5es referentes ao parto normal A gravidez \u00e9 um per\u00edodo cercado por d\u00favidas. Como ser\u00e1 na hora do parto? E o momento da amamenta\u00e7\u00e3o? <a class=\"mh-excerpt-more\" href=\"https:\/\/diadianoticias.com.br\/?p=31330\" title=\"Secretaria Municipal de Sa\u00fade promove curso para gestantes e acompanhantes\">[&#8230;]<\/a><\/p>\n<\/div>","protected":false},"author":4,"featured_media":31331,"comment_status":"open","ping_status":"open","sticky":false,"template":"","format":"standard","meta":{"footnotes":""},"categories":[32,11],"tags":[],"class_list":{"0":"post-31330","1":"post","2":"type-post","3":"status-publish","4":"format-standard","5":"has-post-thumbnail","7":"category-destaque","8":"category-diversas"},"_links":{"self":[{"href":"https:\/\/diadianoticias.com.br\/index.php?rest_route=\/wp\/v2\/posts\/31330","targetHints":{"allow":["GET"]}}],"collection":[{"href":"https:\/\/diadianoticias.com.br\/index.php?rest_route=\/wp\/v2\/posts"}],"about":[{"href":"https:\/\/diadianoticias.com.br\/index.php?rest_route=\/wp\/v2\/types\/post"}],"author":[{"embeddable":true,"href":"https:\/\/diadianoticias.com.br\/index.php?rest_route=\/wp\/v2\/users\/4"}],"replies":[{"embeddable":true,"href":"https:\/\/diadianoticias.com.br\/index.php?rest_route=%2Fwp%2Fv2%2Fcomments&post=31330"}],"version-history":[{"count":1,"href":"https:\/\/diadianoticias.com.br\/index.php?rest_route=\/wp\/v2\/posts\/31330\/revisions"}],"predecessor-version":[{"id":31332,"href":"https:\/\/diadianoticias.com.br\/index.php?rest_route=\/wp\/v2\/posts\/31330\/revisions\/31332"}],"wp:featuredmedia":[{"embeddable":true,"href":"https:\/\/diadianoticias.com.br\/index.php?rest_route=\/wp\/v2\/media\/31331"}],"wp:attachment":[{"href":"https:\/\/diadianoticias.com.br\/index.php?rest_route=%2Fwp%2Fv2%2Fmedia&parent=31330"}],"wp:term":[{"taxonomy":"category","embeddable":true,"href":"https:\/\/diadianoticias.com.br\/index.php?rest_route=%2Fwp%2Fv2%2Fcategories&post=31330"},{"taxonomy":"post_tag","embeddable":true,"href":"https:\/\/diadianoticias.com.br\/index.php?rest_route=%2Fwp%2Fv2%2Ftags&post=31330"}],"curies":[{"name":"wp","href":"https:\/\/api.w.org\/{rel}","templated":true}]}}