{"id":31327,"date":"2019-03-13T10:33:48","date_gmt":"2019-03-13T10:33:48","guid":{"rendered":"http:\/\/diadianoticias.com.br\/?p=31327"},"modified":"2019-03-13T10:33:48","modified_gmt":"2019-03-13T10:33:48","slug":"desfile-de-moda-inclusiva-mulheres-valorosas-acontece-nesta-quinta-feira","status":"publish","type":"post","link":"https:\/\/diadianoticias.com.br\/?p=31327","title":{"rendered":"Desfile de moda inclusiva \u201cMulheres Valorosas\u201d acontece nesta quinta-feira"},"content":{"rendered":"<p><a href=\"http:\/\/diadianoticias.com.br\/wp-content\/uploads\/2019\/03\/desfile-01.jpg\"><img loading=\"lazy\" decoding=\"async\" class=\"alignleft size-medium wp-image-31328\" src=\"http:\/\/diadianoticias.com.br\/wp-content\/uploads\/2019\/03\/desfile-01-300x214.jpg\" alt=\"\" width=\"300\" height=\"214\" srcset=\"https:\/\/diadianoticias.com.br\/wp-content\/uploads\/2019\/03\/desfile-01-300x214.jpg 300w, https:\/\/diadianoticias.com.br\/wp-content\/uploads\/2019\/03\/desfile-01-768x549.jpg 768w, https:\/\/diadianoticias.com.br\/wp-content\/uploads\/2019\/03\/desfile-01-1024x732.jpg 1024w, https:\/\/diadianoticias.com.br\/wp-content\/uploads\/2019\/03\/desfile-01.jpg 1240w\" sizes=\"auto, (max-width: 300px) 100vw, 300px\" \/><\/a>A definitiva inclus\u00e3o nos mais diferentes segmentos e atividades da sociedade \u00e9 um tema que nunca sai de moda. Com esse pensamento, a Prefeitura, em parceria com o Projeto de Moda Angels Fashion Day, realiza nesta quinta-feira (14), \u00e0s 16h, no Hall do Pa\u00e7o Municipal, o desfile \u201cMulheres Valorosas\u201d, em comemora\u00e7\u00e3o ao Dia Internacional da Mulher. A proposta \u00e9 idealizada e tem como fundadora a professora e estilista Leny Pereira. Trata-se de um projeto de moda inclusiva que promove a\u00e7\u00f5es no \u00e2mbito de moda e estilo, na busca de melhorar e tornar acess\u00edvel a todos os p\u00fablicos.<\/p>\n<p>\u201c\u00c9 um evento in\u00e9dito em nossa cidade. N\u00f3s precisamos nos conscientizar de que cada uma tem a sua beleza, o seu charme, a sua alegria de viver. A iniciativa vem pra mostrar que a inclus\u00e3o esta presente em nossas vidas e precisa ser vista e pensada\u201d, comentou a chefe da Divis\u00e3o de Cultura, Silvana Camargo. \u201cO desfile \u00e9 aberto ao p\u00fablico, e queremos aproveitar para convidar a todos para que venham prestigiar esta iniciativa que, com certeza, ir\u00e1 quebrar muitos paradigmas\u201d, concluiu.<\/p>\n<p><em>(Fonte: Assessoria de Comunica\u00e7\u00e3o)<\/em><\/p>\n","protected":false},"excerpt":{"rendered":"<div class=\"mh-excerpt\"><p>A definitiva inclus\u00e3o nos mais diferentes segmentos e atividades da sociedade \u00e9 um tema que nunca sai de moda. Com esse pensamento, a Prefeitura, em parceria com o Projeto de Moda Angels Fashion Day, realiza <a class=\"mh-excerpt-more\" href=\"https:\/\/diadianoticias.com.br\/?p=31327\" title=\"Desfile de moda inclusiva \u201cMulheres Valorosas\u201d acontece nesta quinta-feira\">[&#8230;]<\/a><\/p>\n<\/div>","protected":false},"author":4,"featured_media":31328,"comment_status":"open","ping_status":"open","sticky":false,"template":"","format":"standard","meta":{"footnotes":""},"categories":[12,32],"tags":[],"class_list":{"0":"post-31327","1":"post","2":"type-post","3":"status-publish","4":"format-standard","5":"has-post-thumbnail","7":"category-cidade","8":"category-destaque"},"_links":{"self":[{"href":"https:\/\/diadianoticias.com.br\/index.php?rest_route=\/wp\/v2\/posts\/31327","targetHints":{"allow":["GET"]}}],"collection":[{"href":"https:\/\/diadianoticias.com.br\/index.php?rest_route=\/wp\/v2\/posts"}],"about":[{"href":"https:\/\/diadianoticias.com.br\/index.php?rest_route=\/wp\/v2\/types\/post"}],"author":[{"embeddable":true,"href":"https:\/\/diadianoticias.com.br\/index.php?rest_route=\/wp\/v2\/users\/4"}],"replies":[{"embeddable":true,"href":"https:\/\/diadianoticias.com.br\/index.php?rest_route=%2Fwp%2Fv2%2Fcomments&post=31327"}],"version-history":[{"count":1,"href":"https:\/\/diadianoticias.com.br\/index.php?rest_route=\/wp\/v2\/posts\/31327\/revisions"}],"predecessor-version":[{"id":31329,"href":"https:\/\/diadianoticias.com.br\/index.php?rest_route=\/wp\/v2\/posts\/31327\/revisions\/31329"}],"wp:featuredmedia":[{"embeddable":true,"href":"https:\/\/diadianoticias.com.br\/index.php?rest_route=\/wp\/v2\/media\/31328"}],"wp:attachment":[{"href":"https:\/\/diadianoticias.com.br\/index.php?rest_route=%2Fwp%2Fv2%2Fmedia&parent=31327"}],"wp:term":[{"taxonomy":"category","embeddable":true,"href":"https:\/\/diadianoticias.com.br\/index.php?rest_route=%2Fwp%2Fv2%2Fcategories&post=31327"},{"taxonomy":"post_tag","embeddable":true,"href":"https:\/\/diadianoticias.com.br\/index.php?rest_route=%2Fwp%2Fv2%2Ftags&post=31327"}],"curies":[{"name":"wp","href":"https:\/\/api.w.org\/{rel}","templated":true}]}}