{"id":31223,"date":"2019-03-04T21:16:44","date_gmt":"2019-03-04T21:16:44","guid":{"rendered":"http:\/\/diadianoticias.com.br\/?p=31223"},"modified":"2019-03-04T21:16:44","modified_gmt":"2019-03-04T21:16:44","slug":"mulher-e-morta-com-golpes-de-faca-na-frente-da-filha-de-7-anos","status":"publish","type":"post","link":"https:\/\/diadianoticias.com.br\/?p=31223","title":{"rendered":"Mulher \u00e9 morta com golpes de faca na frente da filha de 7 anos"},"content":{"rendered":"<div class=\"td-container\">\n<div class=\"td-post-header\">\n<header class=\"td-post-title\">\n<figure id=\"attachment_31224\" aria-describedby=\"caption-attachment-31224\" style=\"width: 300px\" class=\"wp-caption alignleft\"><a href=\"http:\/\/diadianoticias.com.br\/wp-content\/uploads\/2019\/03\/53421935_2278452539091576_2433880893455073280_n-horz.jpg\"><img loading=\"lazy\" decoding=\"async\" class=\"size-medium wp-image-31224\" src=\"http:\/\/diadianoticias.com.br\/wp-content\/uploads\/2019\/03\/53421935_2278452539091576_2433880893455073280_n-horz-300x200.jpg\" alt=\"\" width=\"300\" height=\"200\" srcset=\"https:\/\/diadianoticias.com.br\/wp-content\/uploads\/2019\/03\/53421935_2278452539091576_2433880893455073280_n-horz-300x200.jpg 300w, https:\/\/diadianoticias.com.br\/wp-content\/uploads\/2019\/03\/53421935_2278452539091576_2433880893455073280_n-horz.jpg 600w\" sizes=\"auto, (max-width: 300px) 100vw, 300px\" \/><\/a><figcaption id=\"caption-attachment-31224\" class=\"wp-caption-text\">Foto: Hora Certa<\/figcaption><\/figure>\n<p class=\"entry-title\">No in\u00edcio da madrugada desta segunda-feira (04) um crime b\u00e1rbaro foi registrado na cidade de Iretama, cerca de 50 km de Campo Mour\u00e3o.<\/p>\n<\/header>\n<\/div>\n<\/div>\n<div class=\"td-container\">\n<div class=\"td-pb-row\">\n<div class=\"td-pb-span8 td-main-content\" role=\"main\">\n<div class=\"td-ss-main-content\">\n<div class=\"td-post-content\">\n<p>Segundo as informa\u00e7\u00f5es, a v\u00edtima, identificada como M\u00e1rcia Ferreira da Silva, de 34 anos, foi morta pelo seu ex-companheiro, identificado como Everson\u00a0<span class=\"text_exposed_show\">de Lima do Ros\u00e1rio, de 25 anos. A mulher j\u00e1 havia registrado tr\u00eas boletins de ocorr\u00eancias contra Everson, sendo eles no dia\u00a0<\/span>18 de agosto do ano passado, quando Everson foi\u00a0 preso por policiais militares em flagrante por les\u00e3o corporal contra a mulher. Em 22\/08\/2018, ele ganhou o alvar\u00e1 de soltura.<\/p>\n<p>No dia 13 de outubro tamb\u00e9m do ano passado, Everson foi preso novamente por policiais militares por descumprir medidas cautelares e por amea\u00e7ar novamente a mulher. Tr\u00eas dias depois ele ganhou novamente o alvar\u00e1 de soltura.<\/p>\n<p>J\u00e1 no dia 18 de dezembro, o homem foi novamente preso por policiais militares por for\u00e7a de mandado de pris\u00e3o, mas no dia 05 de fevereiro deste ano,\u00a0 ganhou novamente a liberdade. E no in\u00edcio da madrugada de hoje (04), Everson foi preso ap\u00f3s matar a ex-companheira.<\/p>\n<div class=\"text_exposed_show\">\n<p>Segundo informa\u00e7\u00f5es Everson invadiu a resid\u00eancia onde M\u00e1rcia morava. A v\u00edtima, ao perceber a a\u00e7\u00e3o, correu para a casa dos fundos para se abrigar na resid\u00eancia da sua m\u00e3e, no desespero, sua filha de apenas 7 anos correu junto com a m\u00e3e, mas infelizmente M\u00e1rcia foi alcan\u00e7ada por Everson j\u00e1 na resid\u00eancia da sua m\u00e3e. Ela foi agredida com diversos golpes de faca na frente da sua filha e tamb\u00e9m da sua m\u00e3e, seu irm\u00e3o, estava no banheiro, e assim que saiu tentou ajudar, mas tamb\u00e9m acabou golpeado na regi\u00e3o do t\u00f3rax, e foi socorrido pela equipe do SAMU de Iretama e encaminhado ao Hospital Municipal para atendimento m\u00e9dico.<\/p>\n<p>Ap\u00f3s cometer o crime Everson fugiu do local. Ap\u00f3s coletarem as informa\u00e7\u00f5es, policiais militares realizaram dilig\u00eancias para prender o autor do crime. Ap\u00f3s 3 horas do fato, os policiais acabaram localizando o autor em um banhado pr\u00f3ximo ao Lago de Iretama.<\/p>\n<p>Ele foi abordado e preso em flagrante, e encaminhado at\u00e9 a Delegacia de Pol\u00edcia Civil para as provid\u00eancias cab\u00edveis, onde confessou o crime.\u00a0O Instituto M\u00e9dico Legal de Campo Mour\u00e3o recolheu o corpo para necropsia.<\/p>\n<p><em>(Fonte: Facebook \/ Hora Certa)<\/em><\/p>\n<\/div>\n<\/div>\n<\/div>\n<\/div>\n<\/div>\n<\/div>\n","protected":false},"excerpt":{"rendered":"<div class=\"mh-excerpt\"><p>No in\u00edcio da madrugada desta segunda-feira (04) um crime b\u00e1rbaro foi registrado na cidade de Iretama, cerca de 50 km de Campo Mour\u00e3o. Segundo as informa\u00e7\u00f5es, a v\u00edtima, identificada como M\u00e1rcia Ferreira da Silva, de <a class=\"mh-excerpt-more\" href=\"https:\/\/diadianoticias.com.br\/?p=31223\" title=\"Mulher \u00e9 morta com golpes de faca na frente da filha de 7 anos\">[&#8230;]<\/a><\/p>\n<\/div>","protected":false},"author":4,"featured_media":31224,"comment_status":"open","ping_status":"open","sticky":false,"template":"","format":"standard","meta":{"footnotes":""},"categories":[32,8],"tags":[],"class_list":{"0":"post-31223","1":"post","2":"type-post","3":"status-publish","4":"format-standard","5":"has-post-thumbnail","7":"category-destaque","8":"category-regionais"},"_links":{"self":[{"href":"https:\/\/diadianoticias.com.br\/index.php?rest_route=\/wp\/v2\/posts\/31223","targetHints":{"allow":["GET"]}}],"collection":[{"href":"https:\/\/diadianoticias.com.br\/index.php?rest_route=\/wp\/v2\/posts"}],"about":[{"href":"https:\/\/diadianoticias.com.br\/index.php?rest_route=\/wp\/v2\/types\/post"}],"author":[{"embeddable":true,"href":"https:\/\/diadianoticias.com.br\/index.php?rest_route=\/wp\/v2\/users\/4"}],"replies":[{"embeddable":true,"href":"https:\/\/diadianoticias.com.br\/index.php?rest_route=%2Fwp%2Fv2%2Fcomments&post=31223"}],"version-history":[{"count":1,"href":"https:\/\/diadianoticias.com.br\/index.php?rest_route=\/wp\/v2\/posts\/31223\/revisions"}],"predecessor-version":[{"id":31225,"href":"https:\/\/diadianoticias.com.br\/index.php?rest_route=\/wp\/v2\/posts\/31223\/revisions\/31225"}],"wp:featuredmedia":[{"embeddable":true,"href":"https:\/\/diadianoticias.com.br\/index.php?rest_route=\/wp\/v2\/media\/31224"}],"wp:attachment":[{"href":"https:\/\/diadianoticias.com.br\/index.php?rest_route=%2Fwp%2Fv2%2Fmedia&parent=31223"}],"wp:term":[{"taxonomy":"category","embeddable":true,"href":"https:\/\/diadianoticias.com.br\/index.php?rest_route=%2Fwp%2Fv2%2Fcategories&post=31223"},{"taxonomy":"post_tag","embeddable":true,"href":"https:\/\/diadianoticias.com.br\/index.php?rest_route=%2Fwp%2Fv2%2Ftags&post=31223"}],"curies":[{"name":"wp","href":"https:\/\/api.w.org\/{rel}","templated":true}]}}