{"id":31202,"date":"2019-03-03T13:50:18","date_gmt":"2019-03-03T13:50:18","guid":{"rendered":"http:\/\/diadianoticias.com.br\/?p=31202"},"modified":"2019-03-03T13:52:21","modified_gmt":"2019-03-03T13:52:21","slug":"adolescente-e-apreendido-com-pistola-9mm-na-cintura","status":"publish","type":"post","link":"https:\/\/diadianoticias.com.br\/?p=31202","title":{"rendered":"Adolescente \u00e9 apreendido com pistola 9mm na cintura"},"content":{"rendered":"<figure id=\"attachment_31203\" aria-describedby=\"caption-attachment-31203\" style=\"width: 300px\" class=\"wp-caption alignleft\"><a href=\"http:\/\/diadianoticias.com.br\/wp-content\/uploads\/2019\/03\/59d05420-861f-42fe-ad34-fd39c9e6dccd.jpg\"><img loading=\"lazy\" decoding=\"async\" class=\"size-medium wp-image-31203\" src=\"http:\/\/diadianoticias.com.br\/wp-content\/uploads\/2019\/03\/59d05420-861f-42fe-ad34-fd39c9e6dccd-300x292.jpg\" alt=\"\" width=\"300\" height=\"292\" srcset=\"https:\/\/diadianoticias.com.br\/wp-content\/uploads\/2019\/03\/59d05420-861f-42fe-ad34-fd39c9e6dccd-300x292.jpg 300w, https:\/\/diadianoticias.com.br\/wp-content\/uploads\/2019\/03\/59d05420-861f-42fe-ad34-fd39c9e6dccd-768x748.jpg 768w, https:\/\/diadianoticias.com.br\/wp-content\/uploads\/2019\/03\/59d05420-861f-42fe-ad34-fd39c9e6dccd.jpg 960w\" sizes=\"auto, (max-width: 300px) 100vw, 300px\" \/><\/a><figcaption id=\"caption-attachment-31203\" class=\"wp-caption-text\">Foto: Pol\u00edcia Militar<\/figcaption><\/figure>\n<p>Adolescente \u00e9 apreendido com pistola calibre 9 mm na cintura. A apreens\u00e3o aconteceu na noite desse s\u00e1bado(02), no cruzamento da Avenida Cuiab\u00e1 com a rua M\u00e1rio Consentino, na cidade de Sarandi.<\/p>\n<p>Segundo informa\u00e7\u00f5es, a equipe Rotam estava em patrulhamento quando avistou um homem e dois adolescentes caminhando, em atitude suspeita, pr\u00f3ximo a um lanche. Diante da situa\u00e7\u00e3o os policiais resolveram abordar os tr\u00eas.<\/p>\n<p>Em revista pessoal, foi encontrada na cintura de um dos adolescentes, de 15 anos, uma pistola calibre 9 mm carregada com 15 muni\u00e7\u00f5es intactas.<\/p>\n<p>Diante dos fatos, os tr\u00eas jovens foram encaminhados junto com a arma de fogo para a Delegacia de Pol\u00edcia Civil de Sarandi para as provid\u00eancias cab\u00edveis.<\/p>\n<p><em>(Fonte: Pol\u00edcia Militar)<\/em><\/p>\n","protected":false},"excerpt":{"rendered":"<div class=\"mh-excerpt\"><p>Adolescente \u00e9 apreendido com pistola calibre 9 mm na cintura. A apreens\u00e3o aconteceu na noite desse s\u00e1bado(02), no cruzamento da Avenida Cuiab\u00e1 com a rua M\u00e1rio Consentino, na cidade de Sarandi. Segundo informa\u00e7\u00f5es, a equipe <a class=\"mh-excerpt-more\" href=\"https:\/\/diadianoticias.com.br\/?p=31202\" title=\"Adolescente \u00e9 apreendido com pistola 9mm na cintura\">[&#8230;]<\/a><\/p>\n<\/div>","protected":false},"author":4,"featured_media":31203,"comment_status":"open","ping_status":"open","sticky":false,"template":"","format":"standard","meta":{"footnotes":""},"categories":[32,8],"tags":[],"class_list":{"0":"post-31202","1":"post","2":"type-post","3":"status-publish","4":"format-standard","5":"has-post-thumbnail","7":"category-destaque","8":"category-regionais"},"_links":{"self":[{"href":"https:\/\/diadianoticias.com.br\/index.php?rest_route=\/wp\/v2\/posts\/31202","targetHints":{"allow":["GET"]}}],"collection":[{"href":"https:\/\/diadianoticias.com.br\/index.php?rest_route=\/wp\/v2\/posts"}],"about":[{"href":"https:\/\/diadianoticias.com.br\/index.php?rest_route=\/wp\/v2\/types\/post"}],"author":[{"embeddable":true,"href":"https:\/\/diadianoticias.com.br\/index.php?rest_route=\/wp\/v2\/users\/4"}],"replies":[{"embeddable":true,"href":"https:\/\/diadianoticias.com.br\/index.php?rest_route=%2Fwp%2Fv2%2Fcomments&post=31202"}],"version-history":[{"count":1,"href":"https:\/\/diadianoticias.com.br\/index.php?rest_route=\/wp\/v2\/posts\/31202\/revisions"}],"predecessor-version":[{"id":31204,"href":"https:\/\/diadianoticias.com.br\/index.php?rest_route=\/wp\/v2\/posts\/31202\/revisions\/31204"}],"wp:featuredmedia":[{"embeddable":true,"href":"https:\/\/diadianoticias.com.br\/index.php?rest_route=\/wp\/v2\/media\/31203"}],"wp:attachment":[{"href":"https:\/\/diadianoticias.com.br\/index.php?rest_route=%2Fwp%2Fv2%2Fmedia&parent=31202"}],"wp:term":[{"taxonomy":"category","embeddable":true,"href":"https:\/\/diadianoticias.com.br\/index.php?rest_route=%2Fwp%2Fv2%2Fcategories&post=31202"},{"taxonomy":"post_tag","embeddable":true,"href":"https:\/\/diadianoticias.com.br\/index.php?rest_route=%2Fwp%2Fv2%2Ftags&post=31202"}],"curies":[{"name":"wp","href":"https:\/\/api.w.org\/{rel}","templated":true}]}}