{"id":31166,"date":"2019-02-28T13:21:51","date_gmt":"2019-02-28T13:21:51","guid":{"rendered":"http:\/\/diadianoticias.com.br\/?p=31166"},"modified":"2019-02-28T13:21:51","modified_gmt":"2019-02-28T13:21:51","slug":"pre-de-ipora-apreende-veiculo-carregado-com-cigarros-na-rodovia-pr-323","status":"publish","type":"post","link":"https:\/\/diadianoticias.com.br\/?p=31166","title":{"rendered":"PRE de Ipor\u00e3 apreende ve\u00edculo carregado com cigarros na rodovia PR-323"},"content":{"rendered":"<p><a href=\"http:\/\/diadianoticias.com.br\/wp-content\/uploads\/2019\/02\/WhatsApp-Image-2019-02-27-at-16.02.04.jpeg\"><img loading=\"lazy\" decoding=\"async\" class=\"alignleft size-medium wp-image-31167\" src=\"http:\/\/diadianoticias.com.br\/wp-content\/uploads\/2019\/02\/WhatsApp-Image-2019-02-27-at-16.02.04-300x142.jpeg\" alt=\"\" width=\"300\" height=\"142\" srcset=\"https:\/\/diadianoticias.com.br\/wp-content\/uploads\/2019\/02\/WhatsApp-Image-2019-02-27-at-16.02.04-300x142.jpeg 300w, https:\/\/diadianoticias.com.br\/wp-content\/uploads\/2019\/02\/WhatsApp-Image-2019-02-27-at-16.02.04.jpeg 768w\" sizes=\"auto, (max-width: 300px) 100vw, 300px\" \/><\/a>A Pol\u00edcia Rodovi\u00e1ria Estadual de Ipor\u00e3 realizou a apreens\u00e3o de um ve\u00edculo carregado com cigarros contrabandeados na tarde desta quarta-feira (27). Era por volta das 13h quando a abordagem a uma caminhonete S10 foi realizada.<\/p>\n<p>O ve\u00edculo trafegava nas proximidades de Cafezal do Sul. O condutor acelerou quando viu a viatura e os policiais fizeram o acompanhamento t\u00e1tico. Quando a PRE se aproximou, o motorista da caminhonete parou no acostamento e entrou em uma \u00e1rea com pasto e vegeta\u00e7\u00e3o. Depois disso n\u00e3o foi mais visto.<\/p>\n<p>O ve\u00edculo GM\/S10, cor prata, ano 2008\/2009, est\u00e1 licenciado na cidade de Paranava\u00ed. No interior da caminhonete e no compartimento de carga foram encontradas aproximadamente 20 caixas de cigarros de diversas marcas, de origem estrangeira e sem a devida documenta\u00e7\u00e3o.<\/p>\n<p>O ve\u00edculo e o cigarro foram encaminhados para a Delegacia da Receita Federal de Gua\u00edra.<\/p>\n<p><em>(Fonte: Obemdito.com.br)<\/em><\/p>\n","protected":false},"excerpt":{"rendered":"<div class=\"mh-excerpt\"><p>A Pol\u00edcia Rodovi\u00e1ria Estadual de Ipor\u00e3 realizou a apreens\u00e3o de um ve\u00edculo carregado com cigarros contrabandeados na tarde desta quarta-feira (27). Era por volta das 13h quando a abordagem a uma caminhonete S10 foi realizada. <a class=\"mh-excerpt-more\" href=\"https:\/\/diadianoticias.com.br\/?p=31166\" title=\"PRE de Ipor\u00e3 apreende ve\u00edculo carregado com cigarros na rodovia PR-323\">[&#8230;]<\/a><\/p>\n<\/div>","protected":false},"author":4,"featured_media":31167,"comment_status":"open","ping_status":"open","sticky":false,"template":"","format":"standard","meta":{"footnotes":""},"categories":[8],"tags":[],"class_list":{"0":"post-31166","1":"post","2":"type-post","3":"status-publish","4":"format-standard","5":"has-post-thumbnail","7":"category-regionais"},"_links":{"self":[{"href":"https:\/\/diadianoticias.com.br\/index.php?rest_route=\/wp\/v2\/posts\/31166","targetHints":{"allow":["GET"]}}],"collection":[{"href":"https:\/\/diadianoticias.com.br\/index.php?rest_route=\/wp\/v2\/posts"}],"about":[{"href":"https:\/\/diadianoticias.com.br\/index.php?rest_route=\/wp\/v2\/types\/post"}],"author":[{"embeddable":true,"href":"https:\/\/diadianoticias.com.br\/index.php?rest_route=\/wp\/v2\/users\/4"}],"replies":[{"embeddable":true,"href":"https:\/\/diadianoticias.com.br\/index.php?rest_route=%2Fwp%2Fv2%2Fcomments&post=31166"}],"version-history":[{"count":1,"href":"https:\/\/diadianoticias.com.br\/index.php?rest_route=\/wp\/v2\/posts\/31166\/revisions"}],"predecessor-version":[{"id":31168,"href":"https:\/\/diadianoticias.com.br\/index.php?rest_route=\/wp\/v2\/posts\/31166\/revisions\/31168"}],"wp:featuredmedia":[{"embeddable":true,"href":"https:\/\/diadianoticias.com.br\/index.php?rest_route=\/wp\/v2\/media\/31167"}],"wp:attachment":[{"href":"https:\/\/diadianoticias.com.br\/index.php?rest_route=%2Fwp%2Fv2%2Fmedia&parent=31166"}],"wp:term":[{"taxonomy":"category","embeddable":true,"href":"https:\/\/diadianoticias.com.br\/index.php?rest_route=%2Fwp%2Fv2%2Fcategories&post=31166"},{"taxonomy":"post_tag","embeddable":true,"href":"https:\/\/diadianoticias.com.br\/index.php?rest_route=%2Fwp%2Fv2%2Ftags&post=31166"}],"curies":[{"name":"wp","href":"https:\/\/api.w.org\/{rel}","templated":true}]}}