{"id":31154,"date":"2019-02-27T19:25:25","date_gmt":"2019-02-27T19:25:25","guid":{"rendered":"http:\/\/diadianoticias.com.br\/?p=31154"},"modified":"2019-02-27T19:25:25","modified_gmt":"2019-02-27T19:25:25","slug":"homem-e-encontrado-morto-dentro-de-porta-malas-de-carro","status":"publish","type":"post","link":"https:\/\/diadianoticias.com.br\/?p=31154","title":{"rendered":"Homem \u00e9 encontrado morto dentro de porta-malas de carro"},"content":{"rendered":"<p><a href=\"http:\/\/diadianoticias.com.br\/wp-content\/uploads\/2019\/02\/carro1.jpg\"><img loading=\"lazy\" decoding=\"async\" class=\"alignleft size-medium wp-image-31155\" src=\"http:\/\/diadianoticias.com.br\/wp-content\/uploads\/2019\/02\/carro1-300x165.jpg\" alt=\"\" width=\"300\" height=\"165\" srcset=\"https:\/\/diadianoticias.com.br\/wp-content\/uploads\/2019\/02\/carro1-300x165.jpg 300w, https:\/\/diadianoticias.com.br\/wp-content\/uploads\/2019\/02\/carro1.jpg 620w\" sizes=\"auto, (max-width: 300px) 100vw, 300px\" \/><\/a>Um homem foi encontrado morto no porta-malas de um carro, na manh\u00e3 desta quarta-feira (27), em Cambira\/PR. A v\u00edtima, Leandro Menegon, tinha passagens por furto, roubo, tr\u00e1fico de drogas e posse ilegal de armas.<\/p>\n<p>O homem levou pelo menos um tiro na barriga e tinha v\u00e1rios machucados na cabe\u00e7a. Ainda n\u00e3o h\u00e1 informa\u00e7\u00f5es se a v\u00edtima foi baleada mais vezes.<\/p>\n<p>A Pol\u00edcia Militar registrou o caso e acionou a equipe dos Homic\u00eddios, da Pol\u00edcia Civil, e o Instituto M\u00e9dico Legal (IML) de Apucarana para encaminhar o corpo para exames.<\/p>\n<p><em>(Informa\u00e7\u00f5es Massa News)<\/em><br \/>\n<em>(Fonte: Obemdito.com.br)<\/em><\/p>\n","protected":false},"excerpt":{"rendered":"<div class=\"mh-excerpt\"><p>Um homem foi encontrado morto no porta-malas de um carro, na manh\u00e3 desta quarta-feira (27), em Cambira\/PR. A v\u00edtima, Leandro Menegon, tinha passagens por furto, roubo, tr\u00e1fico de drogas e posse ilegal de armas. O <a class=\"mh-excerpt-more\" href=\"https:\/\/diadianoticias.com.br\/?p=31154\" title=\"Homem \u00e9 encontrado morto dentro de porta-malas de carro\">[&#8230;]<\/a><\/p>\n<\/div>","protected":false},"author":4,"featured_media":31155,"comment_status":"open","ping_status":"open","sticky":false,"template":"","format":"standard","meta":{"footnotes":""},"categories":[8],"tags":[],"class_list":{"0":"post-31154","1":"post","2":"type-post","3":"status-publish","4":"format-standard","5":"has-post-thumbnail","7":"category-regionais"},"_links":{"self":[{"href":"https:\/\/diadianoticias.com.br\/index.php?rest_route=\/wp\/v2\/posts\/31154","targetHints":{"allow":["GET"]}}],"collection":[{"href":"https:\/\/diadianoticias.com.br\/index.php?rest_route=\/wp\/v2\/posts"}],"about":[{"href":"https:\/\/diadianoticias.com.br\/index.php?rest_route=\/wp\/v2\/types\/post"}],"author":[{"embeddable":true,"href":"https:\/\/diadianoticias.com.br\/index.php?rest_route=\/wp\/v2\/users\/4"}],"replies":[{"embeddable":true,"href":"https:\/\/diadianoticias.com.br\/index.php?rest_route=%2Fwp%2Fv2%2Fcomments&post=31154"}],"version-history":[{"count":1,"href":"https:\/\/diadianoticias.com.br\/index.php?rest_route=\/wp\/v2\/posts\/31154\/revisions"}],"predecessor-version":[{"id":31156,"href":"https:\/\/diadianoticias.com.br\/index.php?rest_route=\/wp\/v2\/posts\/31154\/revisions\/31156"}],"wp:featuredmedia":[{"embeddable":true,"href":"https:\/\/diadianoticias.com.br\/index.php?rest_route=\/wp\/v2\/media\/31155"}],"wp:attachment":[{"href":"https:\/\/diadianoticias.com.br\/index.php?rest_route=%2Fwp%2Fv2%2Fmedia&parent=31154"}],"wp:term":[{"taxonomy":"category","embeddable":true,"href":"https:\/\/diadianoticias.com.br\/index.php?rest_route=%2Fwp%2Fv2%2Fcategories&post=31154"},{"taxonomy":"post_tag","embeddable":true,"href":"https:\/\/diadianoticias.com.br\/index.php?rest_route=%2Fwp%2Fv2%2Ftags&post=31154"}],"curies":[{"name":"wp","href":"https:\/\/api.w.org\/{rel}","templated":true}]}}