{"id":31126,"date":"2019-02-25T23:23:49","date_gmt":"2019-02-25T23:23:49","guid":{"rendered":"http:\/\/diadianoticias.com.br\/?p=31126"},"modified":"2019-02-25T23:23:49","modified_gmt":"2019-02-25T23:23:49","slug":"prefeitura-de-cianorte-decreta-recesso-e-ponto-facultativo-para-o-carnaval","status":"publish","type":"post","link":"https:\/\/diadianoticias.com.br\/?p=31126","title":{"rendered":"Prefeitura de Cianorte decreta recesso e ponto facultativo para o Carnaval"},"content":{"rendered":"<p><a href=\"http:\/\/diadianoticias.com.br\/wp-content\/uploads\/2019\/02\/05.jpg\"><img loading=\"lazy\" decoding=\"async\" class=\"alignleft wp-image-31127 size-medium\" src=\"http:\/\/diadianoticias.com.br\/wp-content\/uploads\/2019\/02\/05-300x199.jpg\" alt=\"\" width=\"300\" height=\"199\" srcset=\"https:\/\/diadianoticias.com.br\/wp-content\/uploads\/2019\/02\/05-300x199.jpg 300w, https:\/\/diadianoticias.com.br\/wp-content\/uploads\/2019\/02\/05-768x509.jpg 768w, https:\/\/diadianoticias.com.br\/wp-content\/uploads\/2019\/02\/05-1024x678.jpg 1024w\" sizes=\"auto, (max-width: 300px) 100vw, 300px\" \/><\/a>Consagrado como a maior festa popular brasileira, o Carnaval costuma interferir no cotidiano das cidades e no expediente dos trabalhadores. Isto porque, apesar de n\u00e3o ser feriado nacional, cada munic\u00edpio, conforme seu costume e possibilidade, estabelece um calend\u00e1rio para a celebra\u00e7\u00e3o que, neste ano, est\u00e1 marcada para 05 de mar\u00e7o. Em Cianorte, a Prefeitura publicou, no \u00d3rg\u00e3o Oficial do Munic\u00edpio, nessa segunda-feira (25), o decreto que estabelece recesso administrativo no dia 04 de mar\u00e7o e ponto facultativo no dia 05, sendo que, neste per\u00edodo, a Unidade de Pronto Atendimento (UPA), que funciona 24 horas, atender\u00e1 normalmente. Todas as reparti\u00e7\u00f5es p\u00fablicas municipais retomar\u00e3o suas atividades no dia 06 de mar\u00e7o (Quarta-Feira de Cinzas), normalmente, \u00e0s 8h.<\/p>\n","protected":false},"excerpt":{"rendered":"<div class=\"mh-excerpt\"><p>Consagrado como a maior festa popular brasileira, o Carnaval costuma interferir no cotidiano das cidades e no expediente dos trabalhadores. Isto porque, apesar de n\u00e3o ser feriado nacional, cada munic\u00edpio, conforme seu costume e possibilidade, <a class=\"mh-excerpt-more\" href=\"https:\/\/diadianoticias.com.br\/?p=31126\" title=\"Prefeitura de Cianorte decreta recesso e ponto facultativo para o Carnaval\">[&#8230;]<\/a><\/p>\n<\/div>","protected":false},"author":4,"featured_media":31127,"comment_status":"open","ping_status":"open","sticky":false,"template":"","format":"standard","meta":{"footnotes":""},"categories":[32,11],"tags":[],"class_list":{"0":"post-31126","1":"post","2":"type-post","3":"status-publish","4":"format-standard","5":"has-post-thumbnail","7":"category-destaque","8":"category-diversas"},"_links":{"self":[{"href":"https:\/\/diadianoticias.com.br\/index.php?rest_route=\/wp\/v2\/posts\/31126","targetHints":{"allow":["GET"]}}],"collection":[{"href":"https:\/\/diadianoticias.com.br\/index.php?rest_route=\/wp\/v2\/posts"}],"about":[{"href":"https:\/\/diadianoticias.com.br\/index.php?rest_route=\/wp\/v2\/types\/post"}],"author":[{"embeddable":true,"href":"https:\/\/diadianoticias.com.br\/index.php?rest_route=\/wp\/v2\/users\/4"}],"replies":[{"embeddable":true,"href":"https:\/\/diadianoticias.com.br\/index.php?rest_route=%2Fwp%2Fv2%2Fcomments&post=31126"}],"version-history":[{"count":1,"href":"https:\/\/diadianoticias.com.br\/index.php?rest_route=\/wp\/v2\/posts\/31126\/revisions"}],"predecessor-version":[{"id":31128,"href":"https:\/\/diadianoticias.com.br\/index.php?rest_route=\/wp\/v2\/posts\/31126\/revisions\/31128"}],"wp:featuredmedia":[{"embeddable":true,"href":"https:\/\/diadianoticias.com.br\/index.php?rest_route=\/wp\/v2\/media\/31127"}],"wp:attachment":[{"href":"https:\/\/diadianoticias.com.br\/index.php?rest_route=%2Fwp%2Fv2%2Fmedia&parent=31126"}],"wp:term":[{"taxonomy":"category","embeddable":true,"href":"https:\/\/diadianoticias.com.br\/index.php?rest_route=%2Fwp%2Fv2%2Fcategories&post=31126"},{"taxonomy":"post_tag","embeddable":true,"href":"https:\/\/diadianoticias.com.br\/index.php?rest_route=%2Fwp%2Fv2%2Ftags&post=31126"}],"curies":[{"name":"wp","href":"https:\/\/api.w.org\/{rel}","templated":true}]}}