{"id":31119,"date":"2019-02-25T19:02:58","date_gmt":"2019-02-25T19:02:58","guid":{"rendered":"http:\/\/diadianoticias.com.br\/?p=31119"},"modified":"2019-02-25T19:02:58","modified_gmt":"2019-02-25T19:02:58","slug":"na-madrugada-desta-segunda-feira-25-12-presos-conseguiram-escapar-da-cadeia-de-ubirata","status":"publish","type":"post","link":"https:\/\/diadianoticias.com.br\/?p=31119","title":{"rendered":"Na madrugada desta segunda-feira, 25, 12 presos conseguiram escapar da cadeia de Ubirat\u00e3"},"content":{"rendered":"<p><a href=\"http:\/\/diadianoticias.com.br\/wp-content\/uploads\/2019\/02\/cidadeportal-ubirata25022019092243f01.jpg\"><img loading=\"lazy\" decoding=\"async\" class=\"alignleft size-medium wp-image-31120\" src=\"http:\/\/diadianoticias.com.br\/wp-content\/uploads\/2019\/02\/cidadeportal-ubirata25022019092243f01-300x300.jpg\" alt=\"\" width=\"300\" height=\"300\" srcset=\"https:\/\/diadianoticias.com.br\/wp-content\/uploads\/2019\/02\/cidadeportal-ubirata25022019092243f01-300x300.jpg 300w, https:\/\/diadianoticias.com.br\/wp-content\/uploads\/2019\/02\/cidadeportal-ubirata25022019092243f01-150x150.jpg 150w, https:\/\/diadianoticias.com.br\/wp-content\/uploads\/2019\/02\/cidadeportal-ubirata25022019092243f01.jpg 401w\" sizes=\"auto, (max-width: 300px) 100vw, 300px\" \/><\/a>Na madrugada desta segunda-feira, 25, ocorreu uma fuga da cadeia de Ubirat\u00e3. Ao todo, 12 presos conseguiram escapar, dentre eles estavam:<\/p>\n<p>Wilson Aparecido Morais Jr ,\u00a0Claudinei De Souza,\u00a0Silvano De Freitas Cabral,\u00a0Eduardo Henrique Dos Santos,\u00a0Robson Vaz De Oliveira,\u00a0Moacir Verginio Magalh\u00e3es,\u00a0Gean Marcos De Souza,\u00a0Sinival Mendes Queiroz,\u00a0Renan Euflausino Randoli,\u00a0Wagner Antonio Santiago,\u00a0Reginaldo Ferreira Dos Santos e\u00a0\u00a0Willian Das Chagas Ramos.<\/p>\n<p>As circust\u00e2ncias da fuga ainda n\u00e3o foram repassadam para a imprensa, neste momento toda guarni\u00e7\u00e3o esta em dilig\u00eancias para tentar localizar os fugitivos.<\/p>\n<p>(Fonte:\u00a0Ubirata.cidadeportal.com.br)<a href=\"http:\/\/diadianoticias.com.br\/wp-content\/uploads\/2019\/02\/uhb_page1aaaah.jpg\"><img loading=\"lazy\" decoding=\"async\" class=\"alignright size-thumbnail wp-image-31121\" src=\"http:\/\/diadianoticias.com.br\/wp-content\/uploads\/2019\/02\/uhb_page1aaaah-150x150.jpg\" alt=\"\" width=\"150\" height=\"150\" srcset=\"https:\/\/diadianoticias.com.br\/wp-content\/uploads\/2019\/02\/uhb_page1aaaah-150x150.jpg 150w, https:\/\/diadianoticias.com.br\/wp-content\/uploads\/2019\/02\/uhb_page1aaaah-300x300.jpg 300w, https:\/\/diadianoticias.com.br\/wp-content\/uploads\/2019\/02\/uhb_page1aaaah.jpg 401w\" sizes=\"auto, (max-width: 150px) 100vw, 150px\" \/><\/a><\/p>\n","protected":false},"excerpt":{"rendered":"<div class=\"mh-excerpt\"><p>Na madrugada desta segunda-feira, 25, ocorreu uma fuga da cadeia de Ubirat\u00e3. Ao todo, 12 presos conseguiram escapar, dentre eles estavam: Wilson Aparecido Morais Jr ,\u00a0Claudinei De Souza,\u00a0Silvano De Freitas Cabral,\u00a0Eduardo Henrique Dos Santos,\u00a0Robson Vaz <a class=\"mh-excerpt-more\" href=\"https:\/\/diadianoticias.com.br\/?p=31119\" title=\"Na madrugada desta segunda-feira, 25, 12 presos conseguiram escapar da cadeia de Ubirat\u00e3\">[&#8230;]<\/a><\/p>\n<\/div>","protected":false},"author":4,"featured_media":31120,"comment_status":"open","ping_status":"open","sticky":false,"template":"","format":"standard","meta":{"footnotes":""},"categories":[8],"tags":[],"class_list":{"0":"post-31119","1":"post","2":"type-post","3":"status-publish","4":"format-standard","5":"has-post-thumbnail","7":"category-regionais"},"_links":{"self":[{"href":"https:\/\/diadianoticias.com.br\/index.php?rest_route=\/wp\/v2\/posts\/31119","targetHints":{"allow":["GET"]}}],"collection":[{"href":"https:\/\/diadianoticias.com.br\/index.php?rest_route=\/wp\/v2\/posts"}],"about":[{"href":"https:\/\/diadianoticias.com.br\/index.php?rest_route=\/wp\/v2\/types\/post"}],"author":[{"embeddable":true,"href":"https:\/\/diadianoticias.com.br\/index.php?rest_route=\/wp\/v2\/users\/4"}],"replies":[{"embeddable":true,"href":"https:\/\/diadianoticias.com.br\/index.php?rest_route=%2Fwp%2Fv2%2Fcomments&post=31119"}],"version-history":[{"count":1,"href":"https:\/\/diadianoticias.com.br\/index.php?rest_route=\/wp\/v2\/posts\/31119\/revisions"}],"predecessor-version":[{"id":31122,"href":"https:\/\/diadianoticias.com.br\/index.php?rest_route=\/wp\/v2\/posts\/31119\/revisions\/31122"}],"wp:featuredmedia":[{"embeddable":true,"href":"https:\/\/diadianoticias.com.br\/index.php?rest_route=\/wp\/v2\/media\/31120"}],"wp:attachment":[{"href":"https:\/\/diadianoticias.com.br\/index.php?rest_route=%2Fwp%2Fv2%2Fmedia&parent=31119"}],"wp:term":[{"taxonomy":"category","embeddable":true,"href":"https:\/\/diadianoticias.com.br\/index.php?rest_route=%2Fwp%2Fv2%2Fcategories&post=31119"},{"taxonomy":"post_tag","embeddable":true,"href":"https:\/\/diadianoticias.com.br\/index.php?rest_route=%2Fwp%2Fv2%2Ftags&post=31119"}],"curies":[{"name":"wp","href":"https:\/\/api.w.org\/{rel}","templated":true}]}}