{"id":31108,"date":"2019-02-25T12:15:05","date_gmt":"2019-02-25T12:15:05","guid":{"rendered":"http:\/\/diadianoticias.com.br\/?p=31108"},"modified":"2019-02-25T12:15:05","modified_gmt":"2019-02-25T12:15:05","slug":"rapaz-morre-depois-de-capotar-carro-e-ser-lancado-para-fora-do-veiculo","status":"publish","type":"post","link":"https:\/\/diadianoticias.com.br\/?p=31108","title":{"rendered":"Rapaz morre depois de capotar carro e ser lan\u00e7ado para fora do ve\u00edculo"},"content":{"rendered":"<figure id=\"attachment_31109\" aria-describedby=\"caption-attachment-31109\" style=\"width: 300px\" class=\"wp-caption alignleft\"><a href=\"http:\/\/diadianoticias.com.br\/wp-content\/uploads\/2019\/02\/lg-6b84c151-e69b-4c90-b71c-37cc71989542.jpg\"><img loading=\"lazy\" decoding=\"async\" class=\"wp-image-31109 size-medium\" src=\"http:\/\/diadianoticias.com.br\/wp-content\/uploads\/2019\/02\/lg-6b84c151-e69b-4c90-b71c-37cc71989542-300x166.jpg\" alt=\"\" width=\"300\" height=\"166\" srcset=\"https:\/\/diadianoticias.com.br\/wp-content\/uploads\/2019\/02\/lg-6b84c151-e69b-4c90-b71c-37cc71989542-300x166.jpg 300w, https:\/\/diadianoticias.com.br\/wp-content\/uploads\/2019\/02\/lg-6b84c151-e69b-4c90-b71c-37cc71989542-768x424.jpg 768w, https:\/\/diadianoticias.com.br\/wp-content\/uploads\/2019\/02\/lg-6b84c151-e69b-4c90-b71c-37cc71989542.jpg 961w\" sizes=\"auto, (max-width: 300px) 100vw, 300px\" \/><\/a><figcaption id=\"caption-attachment-31109\" class=\"wp-caption-text\">(Foto: Colabora\u00e7\u00e3o)<\/figcaption><\/figure>\n<p>Um homem de 29 anos morreu depois de capotar o carro que dirigia, na PR-082, entre F\u00eanix e Quinta do Sol, no domingo (24).<\/p>\n<p>O ve\u00edculo ficou totalmente destru\u00eddo depois que a v\u00edtima, Diogo Knippelberg, perdeu o controle da dire\u00e7\u00e3o e bateu em uma \u00e1rvore. O motorista foi lan\u00e7ado para fora do autom\u00f3vel.<\/p>\n<p>O rapaz era residente de Engenheiro Beltr\u00e3o e seu corpo foi levado para o Instituto M\u00e9dico-Legal (IML).<\/p>\n<p class=\"cpost__collaboration\"><em>Colabora\u00e7\u00e3o Gabriela Pontes Neves<\/em><\/p>\n<p><em>(Fonte: Massanews.com)<\/em><\/p>\n","protected":false},"excerpt":{"rendered":"<div class=\"mh-excerpt\"><p>Um homem de 29 anos morreu depois de capotar o carro que dirigia, na PR-082, entre F\u00eanix e Quinta do Sol, no domingo (24). O ve\u00edculo ficou totalmente destru\u00eddo depois que a v\u00edtima, Diogo Knippelberg, <a class=\"mh-excerpt-more\" href=\"https:\/\/diadianoticias.com.br\/?p=31108\" title=\"Rapaz morre depois de capotar carro e ser lan\u00e7ado para fora do ve\u00edculo\">[&#8230;]<\/a><\/p>\n<\/div>","protected":false},"author":4,"featured_media":31109,"comment_status":"open","ping_status":"open","sticky":false,"template":"","format":"standard","meta":{"footnotes":""},"categories":[8],"tags":[],"class_list":{"0":"post-31108","1":"post","2":"type-post","3":"status-publish","4":"format-standard","5":"has-post-thumbnail","7":"category-regionais"},"_links":{"self":[{"href":"https:\/\/diadianoticias.com.br\/index.php?rest_route=\/wp\/v2\/posts\/31108","targetHints":{"allow":["GET"]}}],"collection":[{"href":"https:\/\/diadianoticias.com.br\/index.php?rest_route=\/wp\/v2\/posts"}],"about":[{"href":"https:\/\/diadianoticias.com.br\/index.php?rest_route=\/wp\/v2\/types\/post"}],"author":[{"embeddable":true,"href":"https:\/\/diadianoticias.com.br\/index.php?rest_route=\/wp\/v2\/users\/4"}],"replies":[{"embeddable":true,"href":"https:\/\/diadianoticias.com.br\/index.php?rest_route=%2Fwp%2Fv2%2Fcomments&post=31108"}],"version-history":[{"count":1,"href":"https:\/\/diadianoticias.com.br\/index.php?rest_route=\/wp\/v2\/posts\/31108\/revisions"}],"predecessor-version":[{"id":31110,"href":"https:\/\/diadianoticias.com.br\/index.php?rest_route=\/wp\/v2\/posts\/31108\/revisions\/31110"}],"wp:featuredmedia":[{"embeddable":true,"href":"https:\/\/diadianoticias.com.br\/index.php?rest_route=\/wp\/v2\/media\/31109"}],"wp:attachment":[{"href":"https:\/\/diadianoticias.com.br\/index.php?rest_route=%2Fwp%2Fv2%2Fmedia&parent=31108"}],"wp:term":[{"taxonomy":"category","embeddable":true,"href":"https:\/\/diadianoticias.com.br\/index.php?rest_route=%2Fwp%2Fv2%2Fcategories&post=31108"},{"taxonomy":"post_tag","embeddable":true,"href":"https:\/\/diadianoticias.com.br\/index.php?rest_route=%2Fwp%2Fv2%2Ftags&post=31108"}],"curies":[{"name":"wp","href":"https:\/\/api.w.org\/{rel}","templated":true}]}}