{"id":31088,"date":"2019-02-22T12:30:13","date_gmt":"2019-02-22T12:30:13","guid":{"rendered":"http:\/\/diadianoticias.com.br\/?p=31088"},"modified":"2019-02-22T12:30:13","modified_gmt":"2019-02-22T12:30:13","slug":"colisao-lateral-entre-caminhonete-e-carreta-deixa-um-ferido-na-pr-323","status":"publish","type":"post","link":"https:\/\/diadianoticias.com.br\/?p=31088","title":{"rendered":"Colis\u00e3o lateral entre caminhonete e carreta deixa um ferido na PR-323"},"content":{"rendered":"<figure id=\"attachment_31089\" aria-describedby=\"caption-attachment-31089\" style=\"width: 300px\" class=\"wp-caption alignleft\"><a href=\"http:\/\/diadianoticias.com.br\/wp-content\/uploads\/2019\/02\/52469091-2215850235352813-3496950243415556096-n1.jpg\"><img loading=\"lazy\" decoding=\"async\" class=\"wp-image-31089 size-medium\" src=\"http:\/\/diadianoticias.com.br\/wp-content\/uploads\/2019\/02\/52469091-2215850235352813-3496950243415556096-n1-300x225.jpg\" alt=\"\" width=\"300\" height=\"225\" srcset=\"https:\/\/diadianoticias.com.br\/wp-content\/uploads\/2019\/02\/52469091-2215850235352813-3496950243415556096-n1-300x225.jpg 300w, https:\/\/diadianoticias.com.br\/wp-content\/uploads\/2019\/02\/52469091-2215850235352813-3496950243415556096-n1-326x245.jpg 326w, https:\/\/diadianoticias.com.br\/wp-content\/uploads\/2019\/02\/52469091-2215850235352813-3496950243415556096-n1-80x60.jpg 80w, https:\/\/diadianoticias.com.br\/wp-content\/uploads\/2019\/02\/52469091-2215850235352813-3496950243415556096-n1.jpg 619w\" sizes=\"auto, (max-width: 300px) 100vw, 300px\" \/><\/a><figcaption id=\"caption-attachment-31089\" class=\"wp-caption-text\">Foto: Divulga\u00e7\u00e3o\/Bombeiros de Cruzeiro do Oeste<\/figcaption><\/figure>\n<p>Os bombeiros municipais atenderam a v\u00edtima de uma colis\u00e3o na PR-323, em Cruzeiro do Oeste, na tarde desta quinta-feira (21).<\/p>\n<p>O motorista de uma caminhonete Amarok sofreu ferimentos leves na colis\u00e3o que tamb\u00e9m envolveu uma carreta carregada com milho. Ele foi encaminhado para o hospital do munic\u00edpio para avalia\u00e7\u00e3o, assim como o outro condutor, que apresentava quadro de press\u00e3o alta.<\/p>\n<p>Policiais rodovi\u00e1rios estaduais foram acionados e levantaram as circunst\u00e2ncias do acidente, uma colis\u00e3o lateral. A caminhonete sofreu avarias consider\u00e1veis.<\/p>\n<p><em>(Fonte: Obemdito.com.br)<\/em><\/p>\n<p><a href=\"http:\/\/diadianoticias.com.br\/wp-content\/uploads\/2019\/02\/52871779_2215850215352815_7197375430062505984_n.jpg\"><img loading=\"lazy\" decoding=\"async\" class=\"alignleft size-thumbnail wp-image-31090\" src=\"http:\/\/diadianoticias.com.br\/wp-content\/uploads\/2019\/02\/52871779_2215850215352815_7197375430062505984_n-150x150.jpg\" alt=\"\" width=\"150\" height=\"150\" \/><\/a> <a href=\"http:\/\/diadianoticias.com.br\/wp-content\/uploads\/2019\/02\/53057909_2215850185352818_7715318588692758528_n.jpg\"><img loading=\"lazy\" decoding=\"async\" class=\"alignleft size-thumbnail wp-image-31091\" src=\"http:\/\/diadianoticias.com.br\/wp-content\/uploads\/2019\/02\/53057909_2215850185352818_7715318588692758528_n-150x150.jpg\" alt=\"\" width=\"150\" height=\"150\" \/><\/a><\/p>\n","protected":false},"excerpt":{"rendered":"<div class=\"mh-excerpt\"><p>Os bombeiros municipais atenderam a v\u00edtima de uma colis\u00e3o na PR-323, em Cruzeiro do Oeste, na tarde desta quinta-feira (21). O motorista de uma caminhonete Amarok sofreu ferimentos leves na colis\u00e3o que tamb\u00e9m envolveu uma <a class=\"mh-excerpt-more\" href=\"https:\/\/diadianoticias.com.br\/?p=31088\" title=\"Colis\u00e3o lateral entre caminhonete e carreta deixa um ferido na PR-323\">[&#8230;]<\/a><\/p>\n<\/div>","protected":false},"author":4,"featured_media":31089,"comment_status":"open","ping_status":"open","sticky":false,"template":"","format":"standard","meta":{"footnotes":""},"categories":[8],"tags":[],"class_list":{"0":"post-31088","1":"post","2":"type-post","3":"status-publish","4":"format-standard","5":"has-post-thumbnail","7":"category-regionais"},"_links":{"self":[{"href":"https:\/\/diadianoticias.com.br\/index.php?rest_route=\/wp\/v2\/posts\/31088","targetHints":{"allow":["GET"]}}],"collection":[{"href":"https:\/\/diadianoticias.com.br\/index.php?rest_route=\/wp\/v2\/posts"}],"about":[{"href":"https:\/\/diadianoticias.com.br\/index.php?rest_route=\/wp\/v2\/types\/post"}],"author":[{"embeddable":true,"href":"https:\/\/diadianoticias.com.br\/index.php?rest_route=\/wp\/v2\/users\/4"}],"replies":[{"embeddable":true,"href":"https:\/\/diadianoticias.com.br\/index.php?rest_route=%2Fwp%2Fv2%2Fcomments&post=31088"}],"version-history":[{"count":1,"href":"https:\/\/diadianoticias.com.br\/index.php?rest_route=\/wp\/v2\/posts\/31088\/revisions"}],"predecessor-version":[{"id":31092,"href":"https:\/\/diadianoticias.com.br\/index.php?rest_route=\/wp\/v2\/posts\/31088\/revisions\/31092"}],"wp:featuredmedia":[{"embeddable":true,"href":"https:\/\/diadianoticias.com.br\/index.php?rest_route=\/wp\/v2\/media\/31089"}],"wp:attachment":[{"href":"https:\/\/diadianoticias.com.br\/index.php?rest_route=%2Fwp%2Fv2%2Fmedia&parent=31088"}],"wp:term":[{"taxonomy":"category","embeddable":true,"href":"https:\/\/diadianoticias.com.br\/index.php?rest_route=%2Fwp%2Fv2%2Fcategories&post=31088"},{"taxonomy":"post_tag","embeddable":true,"href":"https:\/\/diadianoticias.com.br\/index.php?rest_route=%2Fwp%2Fv2%2Ftags&post=31088"}],"curies":[{"name":"wp","href":"https:\/\/api.w.org\/{rel}","templated":true}]}}