{"id":31067,"date":"2019-02-22T10:04:25","date_gmt":"2019-02-22T10:04:25","guid":{"rendered":"http:\/\/diadianoticias.com.br\/?p=31067"},"modified":"2019-02-22T10:04:25","modified_gmt":"2019-02-22T10:04:25","slug":"nos-distritos-sabado-e-dia-de-cuidar-da-saude","status":"publish","type":"post","link":"https:\/\/diadianoticias.com.br\/?p=31067","title":{"rendered":"Nos distritos, s\u00e1bado \u00e9 dia de cuidar da sa\u00fade"},"content":{"rendered":"<p><strong><a href=\"http:\/\/diadianoticias.com.br\/wp-content\/uploads\/2019\/02\/Agende-se-23-02-01.png\"><img loading=\"lazy\" decoding=\"async\" class=\"alignleft size-medium wp-image-31068\" src=\"http:\/\/diadianoticias.com.br\/wp-content\/uploads\/2019\/02\/Agende-se-23-02-01-300x214.png\" alt=\"\" width=\"300\" height=\"214\" srcset=\"https:\/\/diadianoticias.com.br\/wp-content\/uploads\/2019\/02\/Agende-se-23-02-01-300x214.png 300w, https:\/\/diadianoticias.com.br\/wp-content\/uploads\/2019\/02\/Agende-se-23-02-01-768x549.png 768w, https:\/\/diadianoticias.com.br\/wp-content\/uploads\/2019\/02\/Agende-se-23-02-01-1024x732.png 1024w, https:\/\/diadianoticias.com.br\/wp-content\/uploads\/2019\/02\/Agende-se-23-02-01.png 1240w\" sizes=\"auto, (max-width: 300px) 100vw, 300px\" \/><\/a>UBSs abrem para atendimento \u00e0s mulheres<\/strong> \u2013 Neste s\u00e1bado (23), as Unidades B\u00e1sicas de Sa\u00fade (UBSs) dos distritos de S\u00e3o Louren\u00e7o e Vidigal atender\u00e3o em hor\u00e1rio especial, das 8h \u00e0s 16h, para a realiza\u00e7\u00e3o de exames preventivos para as mulheres, como o Papanicolau e o cl\u00ednico de mamas. Para utilizar os servi\u00e7os, basta comparecer \u00e0 UBS de refer\u00eancia com o documento de identifica\u00e7\u00e3o e o Cart\u00e3o do Cidad\u00e3o.<\/p>\n<p><strong>Testes r\u00e1pidos para HIV, S\u00edfilis e Hepatites B e C<\/strong> \u2013 Tamb\u00e9m neste s\u00e1bado (23), das 8h \u00e0s 16h, na UBS S\u00e3o Louren\u00e7o, uma equipe do Centro de Testagem e Aconselhamento (CTA) estar\u00e1 \u00e0 disposi\u00e7\u00e3o da popula\u00e7\u00e3o para a realiza\u00e7\u00e3o de testes r\u00e1pidos para detec\u00e7\u00e3o de HIV, S\u00edfilis, Hepatite B e Hepatite C. Para usufruir dos servi\u00e7os \u00e9 preciso ter a idade m\u00ednima de 18 anos e apresentar um documento com foto.<\/p>\n<p>O atendimento especial aos s\u00e1bados, tanto para as mulheres quanto para os testes r\u00e1pidos, teve in\u00edcio neste m\u00eas e j\u00e1 foi realizado no Setor VIII, Jardim Marselha, Extens\u00e3o, Santa M\u00f4nica, Pedro Moreira e Vila Sete. A iniciativa seguir\u00e1 para as demais Unidades B\u00e1sicas, conforme cronograma elaborado pela Secretaria Municipal de Sa\u00fade, at\u00e9 abranger todas as localidades.<\/p>\n<p>\u201cEsta \u00e9 uma a\u00e7\u00e3o que vem sendo realizada nos \u00faltimos anos, com o intuito de ampliar as a\u00e7\u00f5es de preven\u00e7\u00e3o do Outubro Rosa e que tem atingido um p\u00fablico expressivo, pois oportuniza o acesso das pessoas que, devido \u00e0 rotina do dia a dia, acabam postergando ou n\u00e3o encontrando tempo para cuidar da sa\u00fade. Por isso, orientamos para que os moradores dos distritos aproveitem a ocasi\u00e3o\u201d, afirma a secret\u00e1ria da pasta, Michelly Poliana Viguiato Pricinotto.<\/p>\n<p>SERVI\u00c7O<\/p>\n<p>Atendimento especial nas UBSs dos distritos<\/p>\n<p>Preventivo para mulheres e testes r\u00e1pidos<\/p>\n<p>S\u00e1bado, 23 de fevereiro<\/p>\n<p>Das 8h \u00e0s 16h<\/p>\n<ul>\n<li>UBS Atac\u00edlia Silva Martins<\/li>\n<\/ul>\n<p>Endere\u00e7o: Rua Cianorte, 386 \u2013 Vidigal<\/p>\n<ul>\n<li>UBS S\u00e3o Louren\u00e7o<\/li>\n<\/ul>\n<p>Endere\u00e7o: Avenida Ipiranga, 184 \u2013 S\u00e3o Louren\u00e7o<\/p>\n","protected":false},"excerpt":{"rendered":"<div class=\"mh-excerpt\"><p>UBSs abrem para atendimento \u00e0s mulheres \u2013 Neste s\u00e1bado (23), as Unidades B\u00e1sicas de Sa\u00fade (UBSs) dos distritos de S\u00e3o Louren\u00e7o e Vidigal atender\u00e3o em hor\u00e1rio especial, das 8h \u00e0s 16h, para a realiza\u00e7\u00e3o de <a class=\"mh-excerpt-more\" href=\"https:\/\/diadianoticias.com.br\/?p=31067\" title=\"Nos distritos, s\u00e1bado \u00e9 dia de cuidar da sa\u00fade\">[&#8230;]<\/a><\/p>\n<\/div>","protected":false},"author":4,"featured_media":31068,"comment_status":"open","ping_status":"open","sticky":false,"template":"","format":"standard","meta":{"footnotes":""},"categories":[32,11],"tags":[],"class_list":{"0":"post-31067","1":"post","2":"type-post","3":"status-publish","4":"format-standard","5":"has-post-thumbnail","7":"category-destaque","8":"category-diversas"},"_links":{"self":[{"href":"https:\/\/diadianoticias.com.br\/index.php?rest_route=\/wp\/v2\/posts\/31067","targetHints":{"allow":["GET"]}}],"collection":[{"href":"https:\/\/diadianoticias.com.br\/index.php?rest_route=\/wp\/v2\/posts"}],"about":[{"href":"https:\/\/diadianoticias.com.br\/index.php?rest_route=\/wp\/v2\/types\/post"}],"author":[{"embeddable":true,"href":"https:\/\/diadianoticias.com.br\/index.php?rest_route=\/wp\/v2\/users\/4"}],"replies":[{"embeddable":true,"href":"https:\/\/diadianoticias.com.br\/index.php?rest_route=%2Fwp%2Fv2%2Fcomments&post=31067"}],"version-history":[{"count":1,"href":"https:\/\/diadianoticias.com.br\/index.php?rest_route=\/wp\/v2\/posts\/31067\/revisions"}],"predecessor-version":[{"id":31069,"href":"https:\/\/diadianoticias.com.br\/index.php?rest_route=\/wp\/v2\/posts\/31067\/revisions\/31069"}],"wp:featuredmedia":[{"embeddable":true,"href":"https:\/\/diadianoticias.com.br\/index.php?rest_route=\/wp\/v2\/media\/31068"}],"wp:attachment":[{"href":"https:\/\/diadianoticias.com.br\/index.php?rest_route=%2Fwp%2Fv2%2Fmedia&parent=31067"}],"wp:term":[{"taxonomy":"category","embeddable":true,"href":"https:\/\/diadianoticias.com.br\/index.php?rest_route=%2Fwp%2Fv2%2Fcategories&post=31067"},{"taxonomy":"post_tag","embeddable":true,"href":"https:\/\/diadianoticias.com.br\/index.php?rest_route=%2Fwp%2Fv2%2Ftags&post=31067"}],"curies":[{"name":"wp","href":"https:\/\/api.w.org\/{rel}","templated":true}]}}