{"id":31055,"date":"2019-02-21T12:25:42","date_gmt":"2019-02-21T12:25:42","guid":{"rendered":"http:\/\/diadianoticias.com.br\/?p=31055"},"modified":"2019-02-21T12:25:42","modified_gmt":"2019-02-21T12:25:42","slug":"prf-apreende-agrotoxicos-contrabandeados","status":"publish","type":"post","link":"https:\/\/diadianoticias.com.br\/?p=31055","title":{"rendered":"PRF apreende agrot\u00f3xicos contrabandeados"},"content":{"rendered":"<p><a href=\"http:\/\/diadianoticias.com.br\/wp-content\/uploads\/2019\/02\/26faf855-eb1d-4af0-b8ac-b2d5335947b71.jpg\"><img loading=\"lazy\" decoding=\"async\" class=\"alignleft size-medium wp-image-31056\" src=\"http:\/\/diadianoticias.com.br\/wp-content\/uploads\/2019\/02\/26faf855-eb1d-4af0-b8ac-b2d5335947b71-300x225.jpg\" alt=\"\" width=\"300\" height=\"225\" srcset=\"https:\/\/diadianoticias.com.br\/wp-content\/uploads\/2019\/02\/26faf855-eb1d-4af0-b8ac-b2d5335947b71-300x225.jpg 300w, https:\/\/diadianoticias.com.br\/wp-content\/uploads\/2019\/02\/26faf855-eb1d-4af0-b8ac-b2d5335947b71-326x245.jpg 326w, https:\/\/diadianoticias.com.br\/wp-content\/uploads\/2019\/02\/26faf855-eb1d-4af0-b8ac-b2d5335947b71-80x60.jpg 80w, https:\/\/diadianoticias.com.br\/wp-content\/uploads\/2019\/02\/26faf855-eb1d-4af0-b8ac-b2d5335947b71.jpg 620w\" sizes=\"auto, (max-width: 300px) 100vw, 300px\" \/><\/a>A Pol\u00edcia Rodovi\u00e1ria Federal (PRF) apreendeu aproximadamente\u00a0 15 quilos de agrot\u00f3xicos contrabandeados na madrugada desta quinta-feira (21) em Gua\u00edra.<\/p>\n<p>A carga, trazida ilegalmente do Paraguai, estava dentro de um autom\u00f3vel GM\/Monza, abordado por volta das 06h15 na BR-272.<\/p>\n<p>O motorista foi preso em flagrante por contrabando, crime ambiental e transporte de agrot\u00f3xicos.<\/p>\n<p>Ele tem 26 anos e declarou exercer a profiss\u00e3o de eletricista. A PRF encaminhou a ocorr\u00eancia para a Delegacia da Pol\u00edcia Federal.<\/p>\n<p>(Fonte: Obemdito.com.br)<\/p>\n<div class=\"social\">\n<div class=\"icones text-center\"><\/div>\n<\/div>\n","protected":false},"excerpt":{"rendered":"<div class=\"mh-excerpt\"><p>A Pol\u00edcia Rodovi\u00e1ria Federal (PRF) apreendeu aproximadamente\u00a0 15 quilos de agrot\u00f3xicos contrabandeados na madrugada desta quinta-feira (21) em Gua\u00edra. A carga, trazida ilegalmente do Paraguai, estava dentro de um autom\u00f3vel GM\/Monza, abordado por volta das <a class=\"mh-excerpt-more\" href=\"https:\/\/diadianoticias.com.br\/?p=31055\" title=\"PRF apreende agrot\u00f3xicos contrabandeados\">[&#8230;]<\/a><\/p>\n<\/div>","protected":false},"author":4,"featured_media":31056,"comment_status":"open","ping_status":"open","sticky":false,"template":"","format":"standard","meta":{"footnotes":""},"categories":[8],"tags":[],"class_list":{"0":"post-31055","1":"post","2":"type-post","3":"status-publish","4":"format-standard","5":"has-post-thumbnail","7":"category-regionais"},"_links":{"self":[{"href":"https:\/\/diadianoticias.com.br\/index.php?rest_route=\/wp\/v2\/posts\/31055","targetHints":{"allow":["GET"]}}],"collection":[{"href":"https:\/\/diadianoticias.com.br\/index.php?rest_route=\/wp\/v2\/posts"}],"about":[{"href":"https:\/\/diadianoticias.com.br\/index.php?rest_route=\/wp\/v2\/types\/post"}],"author":[{"embeddable":true,"href":"https:\/\/diadianoticias.com.br\/index.php?rest_route=\/wp\/v2\/users\/4"}],"replies":[{"embeddable":true,"href":"https:\/\/diadianoticias.com.br\/index.php?rest_route=%2Fwp%2Fv2%2Fcomments&post=31055"}],"version-history":[{"count":1,"href":"https:\/\/diadianoticias.com.br\/index.php?rest_route=\/wp\/v2\/posts\/31055\/revisions"}],"predecessor-version":[{"id":31057,"href":"https:\/\/diadianoticias.com.br\/index.php?rest_route=\/wp\/v2\/posts\/31055\/revisions\/31057"}],"wp:featuredmedia":[{"embeddable":true,"href":"https:\/\/diadianoticias.com.br\/index.php?rest_route=\/wp\/v2\/media\/31056"}],"wp:attachment":[{"href":"https:\/\/diadianoticias.com.br\/index.php?rest_route=%2Fwp%2Fv2%2Fmedia&parent=31055"}],"wp:term":[{"taxonomy":"category","embeddable":true,"href":"https:\/\/diadianoticias.com.br\/index.php?rest_route=%2Fwp%2Fv2%2Fcategories&post=31055"},{"taxonomy":"post_tag","embeddable":true,"href":"https:\/\/diadianoticias.com.br\/index.php?rest_route=%2Fwp%2Fv2%2Ftags&post=31055"}],"curies":[{"name":"wp","href":"https:\/\/api.w.org\/{rel}","templated":true}]}}