{"id":31048,"date":"2019-02-21T10:06:43","date_gmt":"2019-02-21T10:06:43","guid":{"rendered":"http:\/\/diadianoticias.com.br\/?p=31048"},"modified":"2019-02-21T10:06:43","modified_gmt":"2019-02-21T10:06:43","slug":"eleitores-que-nao-votaram-ou-nao-justificaram-a-ausencia-terao-titulos-cancelados","status":"publish","type":"post","link":"https:\/\/diadianoticias.com.br\/?p=31048","title":{"rendered":"Eleitores que n\u00e3o votaram ou n\u00e3o justificaram a aus\u00eancia ter\u00e3o t\u00edtulos cancelados"},"content":{"rendered":"<p><em>O prazo final para regulariza\u00e7\u00e3o termina no dia 06 de maio.<\/em><\/p>\n<p><a href=\"http:\/\/diadianoticias.com.br\/wp-content\/uploads\/2019\/02\/IMG_20190220_145343-copy-1.jpg\"><img loading=\"lazy\" decoding=\"async\" class=\"alignleft size-medium wp-image-31050\" src=\"http:\/\/diadianoticias.com.br\/wp-content\/uploads\/2019\/02\/IMG_20190220_145343-copy-1-300x200.jpg\" alt=\"\" width=\"300\" height=\"200\" srcset=\"https:\/\/diadianoticias.com.br\/wp-content\/uploads\/2019\/02\/IMG_20190220_145343-copy-1-300x200.jpg 300w, https:\/\/diadianoticias.com.br\/wp-content\/uploads\/2019\/02\/IMG_20190220_145343-copy-1-768x512.jpg 768w, https:\/\/diadianoticias.com.br\/wp-content\/uploads\/2019\/02\/IMG_20190220_145343-copy-1.jpg 800w\" sizes=\"auto, (max-width: 300px) 100vw, 300px\" \/><\/a>Quem n\u00e3o votou e n\u00e3o justificou a aus\u00eancia nas tr\u00eas \u00faltimas elei\u00e7\u00f5es, sendo os dois turnos de 2018 e a elei\u00e7\u00e3o municipal de 2016, ter\u00e1 o t\u00edtulo de eleitor cancelado. O prazo final para regulariza\u00e7\u00e3o \u00e9 dia 06 de maio. Para isso, \u00e9 necess\u00e1rio comparecer ao Cart\u00f3rio Eleitoral portando RG e comprovante de resid\u00eancia, e recolher as multas acumuladas, sendo R$ 3,51 por turno, ou justificar as aus\u00eancias, somente para os que estavam no exterior no momento dos pleitos.<\/p>\n<p>\u201cAl\u00e9m de ficar impedido de votar, com o t\u00edtulo cancelado, o eleitor tamb\u00e9m poder\u00e1 ter o CPF cancelado, ser impedido de obter passaporte, bem como receber sal\u00e1rios de fun\u00e7\u00e3o ou emprego p\u00fablico e obter certos tipos de empr\u00e9stimos. A irregularidade tamb\u00e9m pode gerar dificuldades para nomea\u00e7\u00e3o em concurso p\u00fablico, renova\u00e7\u00e3o de matr\u00edcula em estabelecimento de ensino oficial ou fiscalizado pelo governo e obten\u00e7\u00e3o de certid\u00e3o de quita\u00e7\u00e3o eleitoral\u201d, explicou o chefe de Cart\u00f3rio, Fernando Cesar Crinchev. \u201cVale lembrar que a Justi\u00e7a Eleitoral n\u00e3o faz comunica\u00e7\u00e3o por e-mail ou correspond\u00eancia\u201d, concluiu.<\/p>\n<p>A rela\u00e7\u00e3o com o nome dos eleitores que devem regularizar sua situa\u00e7\u00e3o com a Justi\u00e7a Eleitoral encontra-se dispon\u00edvel na sede do Cart\u00f3rio Eleitoral de Cianorte, localizado na Avenida Goi\u00e1s, 51, pr\u00f3ximo \u00e0 Prefeitura. Maiores informa\u00e7\u00f5es podem ser obtidas atrav\u00e9s do telefone (44) 3629-2119.<\/p>\n<p><em>(Fonte: Assessoria de Comunica\u00e7\u00e3o)<\/em><\/p>\n","protected":false},"excerpt":{"rendered":"<div class=\"mh-excerpt\"><p>O prazo final para regulariza\u00e7\u00e3o termina no dia 06 de maio. Quem n\u00e3o votou e n\u00e3o justificou a aus\u00eancia nas tr\u00eas \u00faltimas elei\u00e7\u00f5es, sendo os dois turnos de 2018 e a elei\u00e7\u00e3o municipal de 2016, <a class=\"mh-excerpt-more\" href=\"https:\/\/diadianoticias.com.br\/?p=31048\" title=\"Eleitores que n\u00e3o votaram ou n\u00e3o justificaram a aus\u00eancia ter\u00e3o t\u00edtulos cancelados\">[&#8230;]<\/a><\/p>\n<\/div>","protected":false},"author":4,"featured_media":31050,"comment_status":"open","ping_status":"open","sticky":false,"template":"","format":"standard","meta":{"footnotes":""},"categories":[32,11],"tags":[],"class_list":{"0":"post-31048","1":"post","2":"type-post","3":"status-publish","4":"format-standard","5":"has-post-thumbnail","7":"category-destaque","8":"category-diversas"},"_links":{"self":[{"href":"https:\/\/diadianoticias.com.br\/index.php?rest_route=\/wp\/v2\/posts\/31048","targetHints":{"allow":["GET"]}}],"collection":[{"href":"https:\/\/diadianoticias.com.br\/index.php?rest_route=\/wp\/v2\/posts"}],"about":[{"href":"https:\/\/diadianoticias.com.br\/index.php?rest_route=\/wp\/v2\/types\/post"}],"author":[{"embeddable":true,"href":"https:\/\/diadianoticias.com.br\/index.php?rest_route=\/wp\/v2\/users\/4"}],"replies":[{"embeddable":true,"href":"https:\/\/diadianoticias.com.br\/index.php?rest_route=%2Fwp%2Fv2%2Fcomments&post=31048"}],"version-history":[{"count":1,"href":"https:\/\/diadianoticias.com.br\/index.php?rest_route=\/wp\/v2\/posts\/31048\/revisions"}],"predecessor-version":[{"id":31051,"href":"https:\/\/diadianoticias.com.br\/index.php?rest_route=\/wp\/v2\/posts\/31048\/revisions\/31051"}],"wp:featuredmedia":[{"embeddable":true,"href":"https:\/\/diadianoticias.com.br\/index.php?rest_route=\/wp\/v2\/media\/31050"}],"wp:attachment":[{"href":"https:\/\/diadianoticias.com.br\/index.php?rest_route=%2Fwp%2Fv2%2Fmedia&parent=31048"}],"wp:term":[{"taxonomy":"category","embeddable":true,"href":"https:\/\/diadianoticias.com.br\/index.php?rest_route=%2Fwp%2Fv2%2Fcategories&post=31048"},{"taxonomy":"post_tag","embeddable":true,"href":"https:\/\/diadianoticias.com.br\/index.php?rest_route=%2Fwp%2Fv2%2Ftags&post=31048"}],"curies":[{"name":"wp","href":"https:\/\/api.w.org\/{rel}","templated":true}]}}