{"id":31041,"date":"2019-02-20T19:53:50","date_gmt":"2019-02-20T19:53:50","guid":{"rendered":"http:\/\/diadianoticias.com.br\/?p=31041"},"modified":"2019-02-20T19:53:50","modified_gmt":"2019-02-20T19:53:50","slug":"jovem-de-19-anos-leva-cinco-tiros-em-frente-de-casa","status":"publish","type":"post","link":"https:\/\/diadianoticias.com.br\/?p=31041","title":{"rendered":"Jovem de 19 anos leva cinco tiros em frente de casa"},"content":{"rendered":"<p><a href=\"http:\/\/diadianoticias.com.br\/wp-content\/uploads\/2019\/02\/WhatsApp-Image-2019-02-20-at-15.46.19-1-696x338.jpeg\"><img loading=\"lazy\" decoding=\"async\" class=\"alignleft size-medium wp-image-31042\" src=\"http:\/\/diadianoticias.com.br\/wp-content\/uploads\/2019\/02\/WhatsApp-Image-2019-02-20-at-15.46.19-1-696x338-300x146.jpeg\" alt=\"\" width=\"300\" height=\"146\" srcset=\"https:\/\/diadianoticias.com.br\/wp-content\/uploads\/2019\/02\/WhatsApp-Image-2019-02-20-at-15.46.19-1-696x338-300x146.jpeg 300w, https:\/\/diadianoticias.com.br\/wp-content\/uploads\/2019\/02\/WhatsApp-Image-2019-02-20-at-15.46.19-1-696x338.jpeg 696w\" sizes=\"auto, (max-width: 300px) 100vw, 300px\" \/><\/a>Um jovem de 19 anos foi atingido por cinco tiros na tarde desta quarta-feira em Sarandi. O crime aconteceu por volta das 14h. De acordo com a Pol\u00edcia Militar (PM), Luiz Alberto Salviano da Cruz estava em frente a casa onde mora na avenida Cez\u00e1rio Mancini, no Jardim Esplanada, quando dois homens passaram em uma Biz de cor escura.<\/p>\n<p>O que estava na garupa efetuou os disparos. Apesar da quantidade de tiros, o rapaz foi socorrido por equipes do Samu consciente. Al\u00e9m da PM, agentes da Guarda Municipal foram at\u00e9 o local, mas n\u00e3o conseguiram encontrar os suspeitos. O caso foi repassado para a Pol\u00edcia Civil da cidade. De acordo com os primeiros levantamentos da pol\u00edcia, a v\u00edtima n\u00e3o tem antecedentes criminais. O jovem foi encaminhado em estado grave ao Hospital Metropolitano de Sarandi.<\/p>\n<p><em>(Fonte:\u00a0Odianacidade.com.br)<\/em><\/p>\n","protected":false},"excerpt":{"rendered":"<div class=\"mh-excerpt\"><p>Um jovem de 19 anos foi atingido por cinco tiros na tarde desta quarta-feira em Sarandi. O crime aconteceu por volta das 14h. De acordo com a Pol\u00edcia Militar (PM), Luiz Alberto Salviano da Cruz <a class=\"mh-excerpt-more\" href=\"https:\/\/diadianoticias.com.br\/?p=31041\" title=\"Jovem de 19 anos leva cinco tiros em frente de casa\">[&#8230;]<\/a><\/p>\n<\/div>","protected":false},"author":4,"featured_media":31042,"comment_status":"open","ping_status":"open","sticky":false,"template":"","format":"standard","meta":{"footnotes":""},"categories":[8],"tags":[],"class_list":{"0":"post-31041","1":"post","2":"type-post","3":"status-publish","4":"format-standard","5":"has-post-thumbnail","7":"category-regionais"},"_links":{"self":[{"href":"https:\/\/diadianoticias.com.br\/index.php?rest_route=\/wp\/v2\/posts\/31041","targetHints":{"allow":["GET"]}}],"collection":[{"href":"https:\/\/diadianoticias.com.br\/index.php?rest_route=\/wp\/v2\/posts"}],"about":[{"href":"https:\/\/diadianoticias.com.br\/index.php?rest_route=\/wp\/v2\/types\/post"}],"author":[{"embeddable":true,"href":"https:\/\/diadianoticias.com.br\/index.php?rest_route=\/wp\/v2\/users\/4"}],"replies":[{"embeddable":true,"href":"https:\/\/diadianoticias.com.br\/index.php?rest_route=%2Fwp%2Fv2%2Fcomments&post=31041"}],"version-history":[{"count":1,"href":"https:\/\/diadianoticias.com.br\/index.php?rest_route=\/wp\/v2\/posts\/31041\/revisions"}],"predecessor-version":[{"id":31043,"href":"https:\/\/diadianoticias.com.br\/index.php?rest_route=\/wp\/v2\/posts\/31041\/revisions\/31043"}],"wp:featuredmedia":[{"embeddable":true,"href":"https:\/\/diadianoticias.com.br\/index.php?rest_route=\/wp\/v2\/media\/31042"}],"wp:attachment":[{"href":"https:\/\/diadianoticias.com.br\/index.php?rest_route=%2Fwp%2Fv2%2Fmedia&parent=31041"}],"wp:term":[{"taxonomy":"category","embeddable":true,"href":"https:\/\/diadianoticias.com.br\/index.php?rest_route=%2Fwp%2Fv2%2Fcategories&post=31041"},{"taxonomy":"post_tag","embeddable":true,"href":"https:\/\/diadianoticias.com.br\/index.php?rest_route=%2Fwp%2Fv2%2Ftags&post=31041"}],"curies":[{"name":"wp","href":"https:\/\/api.w.org\/{rel}","templated":true}]}}