{"id":31017,"date":"2019-02-20T00:17:35","date_gmt":"2019-02-20T00:17:35","guid":{"rendered":"http:\/\/diadianoticias.com.br\/?p=31017"},"modified":"2019-02-20T00:17:35","modified_gmt":"2019-02-20T00:17:35","slug":"saude-confirma-primeiro-caso-de-dengue-em-cianorte","status":"publish","type":"post","link":"https:\/\/diadianoticias.com.br\/?p=31017","title":{"rendered":"Sa\u00fade confirma primeiro caso de dengue em Cianorte"},"content":{"rendered":"<p><a href=\"http:\/\/diadianoticias.com.br\/wp-content\/uploads\/2019\/02\/Dengue.jpg\"><img loading=\"lazy\" decoding=\"async\" class=\"alignleft size-medium wp-image-31018\" src=\"http:\/\/diadianoticias.com.br\/wp-content\/uploads\/2019\/02\/Dengue-300x203.jpg\" alt=\"\" width=\"300\" height=\"203\" srcset=\"https:\/\/diadianoticias.com.br\/wp-content\/uploads\/2019\/02\/Dengue-300x203.jpg 300w, https:\/\/diadianoticias.com.br\/wp-content\/uploads\/2019\/02\/Dengue-768x518.jpg 768w, https:\/\/diadianoticias.com.br\/wp-content\/uploads\/2019\/02\/Dengue-1024x691.jpg 1024w, https:\/\/diadianoticias.com.br\/wp-content\/uploads\/2019\/02\/Dengue.jpg 1600w\" sizes=\"auto, (max-width: 300px) 100vw, 300px\" \/><\/a>Na \u00faltima quarta-feira (13), foi registrado em Cianorte o primeiro caso de dengue do ano. O infectado \u00e9 um homem de 44 anos que reside na Vila Oper\u00e1ria. A descoberta da doen\u00e7a foi atrav\u00e9s de teste r\u00e1pido realizado na Unidade de Pronto Atendimento (UPA). O paciente foi atendido imediatamente e responde bem ao tratamento. Frente ao caso, a Secretaria de Sa\u00fade, por meio da Vigil\u00e2ncia Epidemiol\u00f3gica, determinou a\u00e7\u00f5es de bloqueio na \u00e1rea prov\u00e1vel de transmiss\u00e3o.<\/p>\n<p>\u201cEste \u00e9 um caso que chamamos de aut\u00f3ctone, ou seja, foi contra\u00eddo na cidade, provavelmente na zona em que a resid\u00eancia est\u00e1 situada e por isso tem nos preocupado bastante\u201d, conta a chefe da Divis\u00e3o de Preven\u00e7\u00e3o em Sa\u00fade, Helo\u00edsa Dantas. \u201cPara conter o surgimento de novos casos, o Programa de Combate \u00e0 Endemias j\u00e1 realizou vistorias nas resid\u00eancias pr\u00f3ximas \u2013 dentro de um raio de 300 metros &#8211; \u00e0 do infectado. Felizmente, o n\u00famero de focos encontrados foi baixo. Apesar disso os cuidados n\u00e3o devem parar\u201d, completa.<\/p>\n<p>Segundo ela, este \u00e9 um per\u00edodo muito favor\u00e1vel \u00e0 prolifera\u00e7\u00e3o do\u00a0 mosquito Aedes aegypti, transmissor n\u00e3o s\u00f3 da dengue, como tamb\u00e9m do zika v\u00edrus e das febres chikungunya e amarela, e a popula\u00e7\u00e3o tem papel fundamental para evitar o surgimento de novos casos. \u201cEstamos em uma \u00e9poca do ano que apresenta muito calor e chuvas. Isto representa um ambiente perfeito para a prolifera\u00e7\u00e3o dos focos do mosquito. N\u00e3o d\u00e1 para descuidar\u201d, finaliza.<\/p>\n<p><em>(Fonte: Assessoria de Comunica\u00e7\u00e3o)<\/em><\/p>\n","protected":false},"excerpt":{"rendered":"<div class=\"mh-excerpt\"><p>Na \u00faltima quarta-feira (13), foi registrado em Cianorte o primeiro caso de dengue do ano. O infectado \u00e9 um homem de 44 anos que reside na Vila Oper\u00e1ria. A descoberta da doen\u00e7a foi atrav\u00e9s de <a class=\"mh-excerpt-more\" href=\"https:\/\/diadianoticias.com.br\/?p=31017\" title=\"Sa\u00fade confirma primeiro caso de dengue em Cianorte\">[&#8230;]<\/a><\/p>\n<\/div>","protected":false},"author":4,"featured_media":31018,"comment_status":"open","ping_status":"open","sticky":false,"template":"","format":"standard","meta":{"footnotes":""},"categories":[12,32],"tags":[],"class_list":{"0":"post-31017","1":"post","2":"type-post","3":"status-publish","4":"format-standard","5":"has-post-thumbnail","7":"category-cidade","8":"category-destaque"},"_links":{"self":[{"href":"https:\/\/diadianoticias.com.br\/index.php?rest_route=\/wp\/v2\/posts\/31017","targetHints":{"allow":["GET"]}}],"collection":[{"href":"https:\/\/diadianoticias.com.br\/index.php?rest_route=\/wp\/v2\/posts"}],"about":[{"href":"https:\/\/diadianoticias.com.br\/index.php?rest_route=\/wp\/v2\/types\/post"}],"author":[{"embeddable":true,"href":"https:\/\/diadianoticias.com.br\/index.php?rest_route=\/wp\/v2\/users\/4"}],"replies":[{"embeddable":true,"href":"https:\/\/diadianoticias.com.br\/index.php?rest_route=%2Fwp%2Fv2%2Fcomments&post=31017"}],"version-history":[{"count":1,"href":"https:\/\/diadianoticias.com.br\/index.php?rest_route=\/wp\/v2\/posts\/31017\/revisions"}],"predecessor-version":[{"id":31019,"href":"https:\/\/diadianoticias.com.br\/index.php?rest_route=\/wp\/v2\/posts\/31017\/revisions\/31019"}],"wp:featuredmedia":[{"embeddable":true,"href":"https:\/\/diadianoticias.com.br\/index.php?rest_route=\/wp\/v2\/media\/31018"}],"wp:attachment":[{"href":"https:\/\/diadianoticias.com.br\/index.php?rest_route=%2Fwp%2Fv2%2Fmedia&parent=31017"}],"wp:term":[{"taxonomy":"category","embeddable":true,"href":"https:\/\/diadianoticias.com.br\/index.php?rest_route=%2Fwp%2Fv2%2Fcategories&post=31017"},{"taxonomy":"post_tag","embeddable":true,"href":"https:\/\/diadianoticias.com.br\/index.php?rest_route=%2Fwp%2Fv2%2Ftags&post=31017"}],"curies":[{"name":"wp","href":"https:\/\/api.w.org\/{rel}","templated":true}]}}