{"id":30964,"date":"2019-02-18T10:12:28","date_gmt":"2019-02-18T10:12:28","guid":{"rendered":"http:\/\/diadianoticias.com.br\/?p=30964"},"modified":"2019-02-18T10:12:28","modified_gmt":"2019-02-18T10:12:28","slug":"cianorte-tem-45-novos-atendentes-de-apoio-a-rede-municipal-de-ensino","status":"publish","type":"post","link":"https:\/\/diadianoticias.com.br\/?p=30964","title":{"rendered":"Cianorte tem 45 novos atendentes de Apoio \u00e0 Rede Municipal de Ensino"},"content":{"rendered":"<p><em>Servidores iniciam trabalho nos CMEIs na segunda-feira (18). Nos pr\u00f3ximos dias, mais sete aprovados no processo seletivo devem assumir o cargo<\/em><\/p>\n<p><a href=\"http:\/\/diadianoticias.com.br\/wp-content\/uploads\/2019\/02\/IMG_2164-copy.jpg\"><img loading=\"lazy\" decoding=\"async\" class=\"alignleft size-medium wp-image-30965\" src=\"http:\/\/diadianoticias.com.br\/wp-content\/uploads\/2019\/02\/IMG_2164-copy-300x200.jpg\" alt=\"\" width=\"300\" height=\"200\" srcset=\"https:\/\/diadianoticias.com.br\/wp-content\/uploads\/2019\/02\/IMG_2164-copy-300x200.jpg 300w, https:\/\/diadianoticias.com.br\/wp-content\/uploads\/2019\/02\/IMG_2164-copy-768x512.jpg 768w, https:\/\/diadianoticias.com.br\/wp-content\/uploads\/2019\/02\/IMG_2164-copy-1024x683.jpg 1024w\" sizes=\"auto, (max-width: 300px) 100vw, 300px\" \/><\/a>Contratados por concurso p\u00fablico, para prestar aux\u00edlio \u00e0s diversas atividades que envolvem o cuidado das crian\u00e7as no ambiente escolar, os novos 45 atendentes de Apoio \u00e0 Rede Municipal de Ensino de Cianorte foram recepcionados, na tarde da \u00faltima quinta-feira (14), no audit\u00f3rio do Pa\u00e7o Municipal. Os rec\u00e9m-chegados ao quadro de servidores dar\u00e3o in\u00edcio aos trabalhos nesta segunda-feira (18), nos Centros Municipais de Educa\u00e7\u00e3o Infantil (CMEIs) e o encontro foi promovido para prestar orienta\u00e7\u00f5es sobre o cargo, que \u00e9 efetivo e tem jornada de 40 horas semanais, bem como para fazer a distribui\u00e7\u00e3o de local de atua\u00e7\u00e3o entre as 12 unidades.<\/p>\n<p>As boas vindas foram dadas pelo prefeito Bongiorno, juntamente com o presidente da C\u00e2mara de Vereadores, Silvio do P\u00e1tio; o subprocurador jur\u00eddico do munic\u00edpio, Mario Lubaski; a secret\u00e1ria de Educa\u00e7\u00e3o e Cultura, Maria Neusa Casassa; a assessora da Educa\u00e7\u00e3o Infantil, Valqu\u00edria Charles; a assessora do Ensino Fundamental, Juliana Turetti; e as pedagogas Vanessa de Oliveira e Milene Macedo de Morais. \u201cA contrata\u00e7\u00e3o desses servidores foi aguardada com muita expectativa pela rede que, agora, conta com um refor\u00e7o significativo no acolhimento das crian\u00e7as de quatro meses a tr\u00eas anos de idade. Agradecemos a todos os envolvidos no processo e desejamos que os ingressantes fa\u00e7am uma \u00f3tima trajet\u00f3ria na carreira p\u00fablica, baseada na \u00e9tica, no respeito e dedica\u00e7\u00e3o\u201d, disse o prefeito.<\/p>\n<p>Nos pr\u00f3ximos dias, mais sete aprovados no concurso devem assumir o cargo e, no total, ser\u00e3o 52 atendentes que t\u00eam a fun\u00e7\u00e3o de prestar aux\u00edlio aos alunos na alimenta\u00e7\u00e3o, locomo\u00e7\u00e3o, seguran\u00e7a, forma\u00e7\u00e3o de h\u00e1bitos de higiene, situa\u00e7\u00f5es de emerg\u00eancia e outras tarefas necess\u00e1rias ao bom andamento da rotina escolar, como a manuten\u00e7\u00e3o do ambiente de trabalho, entre outras. \u201cPara qualificar o servi\u00e7o, no decorrer do ano letivo, os atendentes de Apoio \u00e0 Rede Municipal de Ensino receber\u00e3o capacita\u00e7\u00f5es com tem\u00e1ticas espec\u00edficas, como nutri\u00e7\u00e3o e primeiros socorros\u201d, informou a assessora da Educa\u00e7\u00e3o Infantil. Nesse sentido, a secret\u00e1ria de Educa\u00e7\u00e3o e Cultura colocou o setor \u00e0 disposi\u00e7\u00e3o dos novos servidores para sanar d\u00favidas e ajud\u00e1-los para o desempenho das atividades.<\/p>\n<p><em>(Fonte: Assessoria de Comunica\u00e7\u00e3o)<\/em><\/p>\n","protected":false},"excerpt":{"rendered":"<div class=\"mh-excerpt\"><p>Servidores iniciam trabalho nos CMEIs na segunda-feira (18). Nos pr\u00f3ximos dias, mais sete aprovados no processo seletivo devem assumir o cargo Contratados por concurso p\u00fablico, para prestar aux\u00edlio \u00e0s diversas atividades que envolvem o cuidado <a class=\"mh-excerpt-more\" href=\"https:\/\/diadianoticias.com.br\/?p=30964\" title=\"Cianorte tem 45 novos atendentes de Apoio \u00e0 Rede Municipal de Ensino\">[&#8230;]<\/a><\/p>\n<\/div>","protected":false},"author":4,"featured_media":30965,"comment_status":"open","ping_status":"open","sticky":false,"template":"","format":"standard","meta":{"footnotes":""},"categories":[32,11],"tags":[],"class_list":{"0":"post-30964","1":"post","2":"type-post","3":"status-publish","4":"format-standard","5":"has-post-thumbnail","7":"category-destaque","8":"category-diversas"},"_links":{"self":[{"href":"https:\/\/diadianoticias.com.br\/index.php?rest_route=\/wp\/v2\/posts\/30964","targetHints":{"allow":["GET"]}}],"collection":[{"href":"https:\/\/diadianoticias.com.br\/index.php?rest_route=\/wp\/v2\/posts"}],"about":[{"href":"https:\/\/diadianoticias.com.br\/index.php?rest_route=\/wp\/v2\/types\/post"}],"author":[{"embeddable":true,"href":"https:\/\/diadianoticias.com.br\/index.php?rest_route=\/wp\/v2\/users\/4"}],"replies":[{"embeddable":true,"href":"https:\/\/diadianoticias.com.br\/index.php?rest_route=%2Fwp%2Fv2%2Fcomments&post=30964"}],"version-history":[{"count":1,"href":"https:\/\/diadianoticias.com.br\/index.php?rest_route=\/wp\/v2\/posts\/30964\/revisions"}],"predecessor-version":[{"id":30966,"href":"https:\/\/diadianoticias.com.br\/index.php?rest_route=\/wp\/v2\/posts\/30964\/revisions\/30966"}],"wp:featuredmedia":[{"embeddable":true,"href":"https:\/\/diadianoticias.com.br\/index.php?rest_route=\/wp\/v2\/media\/30965"}],"wp:attachment":[{"href":"https:\/\/diadianoticias.com.br\/index.php?rest_route=%2Fwp%2Fv2%2Fmedia&parent=30964"}],"wp:term":[{"taxonomy":"category","embeddable":true,"href":"https:\/\/diadianoticias.com.br\/index.php?rest_route=%2Fwp%2Fv2%2Fcategories&post=30964"},{"taxonomy":"post_tag","embeddable":true,"href":"https:\/\/diadianoticias.com.br\/index.php?rest_route=%2Fwp%2Fv2%2Ftags&post=30964"}],"curies":[{"name":"wp","href":"https:\/\/api.w.org\/{rel}","templated":true}]}}