{"id":30960,"date":"2019-02-18T10:09:44","date_gmt":"2019-02-18T10:09:44","guid":{"rendered":"http:\/\/diadianoticias.com.br\/?p=30960"},"modified":"2019-02-18T10:09:44","modified_gmt":"2019-02-18T10:09:44","slug":"prefeitos-da-amenorte-elegem-nova-diretoria","status":"publish","type":"post","link":"https:\/\/diadianoticias.com.br\/?p=30960","title":{"rendered":"Prefeitos da Amenorte elegem nova diretoria"},"content":{"rendered":"<p><em>Gestor de Jussara, Moacir Luiz Pereira Valentin, o Tatinha, foi eleito o novo presidente da associa\u00e7\u00e3o dos munic\u00edpios<\/em><\/p>\n<p><a href=\"http:\/\/diadianoticias.com.br\/wp-content\/uploads\/2019\/02\/IMG_2173-copy-1.jpg\"><img loading=\"lazy\" decoding=\"async\" class=\"alignleft size-medium wp-image-30962\" src=\"http:\/\/diadianoticias.com.br\/wp-content\/uploads\/2019\/02\/IMG_2173-copy-1-300x200.jpg\" alt=\"\" width=\"300\" height=\"200\" srcset=\"https:\/\/diadianoticias.com.br\/wp-content\/uploads\/2019\/02\/IMG_2173-copy-1-300x200.jpg 300w, https:\/\/diadianoticias.com.br\/wp-content\/uploads\/2019\/02\/IMG_2173-copy-1-768x512.jpg 768w, https:\/\/diadianoticias.com.br\/wp-content\/uploads\/2019\/02\/IMG_2173-copy-1.jpg 800w\" sizes=\"auto, (max-width: 300px) 100vw, 300px\" \/><\/a>Uma reuni\u00e3o realizada na manh\u00e3 dessa sexta-feira (15), marcou a elei\u00e7\u00e3o da nova diretoria da Associa\u00e7\u00e3o dos Munic\u00edpios do M\u00e9dio Noroeste do Paran\u00e1 (Amenorte). O prefeito de Jussara, Moacir Luiz Pereira Valentin, o Tatinha, foi eleito, por unanimidade, como presidente da entidade, pelos pr\u00f3ximos dois anos. O encontro que definiu a nova mesa diretora, foi realizado no gabinete da Prefeitura de Cianorte. A Amenorte \u00e9 composta por Cianorte, Cidade Ga\u00facha, Guaporema, Indian\u00f3polis, Japur\u00e1, Jussara, Rondon, S\u00e3o Manoel do Paran\u00e1, S\u00e3o Tom\u00e9, Tapejara, Terra Boa e Tuneiras do Oeste.<\/p>\n<p>\u201cA reuni\u00e3o foi tranquila e houve um consenso entre os prefeitos em torno do meu nome. O bom relacionamento que temos com o Governo deve ajudar a fortalecermos, cada dia mais, a nossa associa\u00e7\u00e3o\u201d, comentou o presidente eleito, Tatinha. \u201cTrabalharemos para atender os anseios dos gestores municipais. Temos que compor uma estrutura para facilitar o acesso dos munic\u00edpios aos programas dos governos Estadual e Federal, unindo for\u00e7as em prol da comunidade\u201d, concluiu.<\/p>\n<p>\u201cAs conquistas s\u00e3o poss\u00edveis, mas temos que nos fortificarmos enquanto microrregi\u00e3o pujante que somos. Estaremos juntos com a nova diretoria buscando o fortalecimento regional\u201d, destacou o deputado estadual, Jonas Guimar\u00e3es. &#8220;A uni\u00e3o de for\u00e7as \u00e9 fundamental para o alcance do sucesso da institui\u00e7\u00e3o, pois, quando uma regi\u00e3o ganha, todos s\u00e3o beneficiados&#8221;, completou.<\/p>\n<p>\u201cA estrutura\u00e7\u00e3o que j\u00e1 conseguimos, n\u00e3o seria poss\u00edvel sem o empenho de cada um dos representantes dos munic\u00edpios que comp\u00f5em a nossa associa\u00e7\u00e3o, buscando sempre a melhoria dos servi\u00e7os prestados a popula\u00e7\u00e3o\u201d, pontuou o prefeito Bongiorno. \u201cQueremos uma Amenorte forte, capaz de dar respostas eficientes aos desafios que os munic\u00edpios est\u00e3o enfrentando e com parceiras muito bem estruturadas\u201d, finalizou.<\/p>\n<p>A nova diretoria tamb\u00e9m conta com Rodrigo Pez\u00e3o (Tapejara), como 1\u00ba vice-presidente; Taketoshi Sakurada, o B\u00f3ia, (Tuneiras do Oeste), como 2\u00ba vice-presidente; Marcos Barranco (Guaporema), como tesoureiro; Paulinho Mineiro (Indian\u00f3polis), como secret\u00e1rio geral; e Oc\u00e9lio Leite (S\u00e3o Tom\u00e9), como 1\u00ba secret\u00e1rio. Os demais prefeitos assumem como membros efetivos e suplentes do Conselho Fiscal.<\/p>\n<p><em>(Fonte: Assessoria de Comunica\u00e7\u00e3o)<\/em><\/p>\n","protected":false},"excerpt":{"rendered":"<div class=\"mh-excerpt\"><p>Gestor de Jussara, Moacir Luiz Pereira Valentin, o Tatinha, foi eleito o novo presidente da associa\u00e7\u00e3o dos munic\u00edpios Uma reuni\u00e3o realizada na manh\u00e3 dessa sexta-feira (15), marcou a elei\u00e7\u00e3o da nova diretoria da Associa\u00e7\u00e3o dos <a class=\"mh-excerpt-more\" href=\"https:\/\/diadianoticias.com.br\/?p=30960\" title=\"Prefeitos da Amenorte elegem nova diretoria\">[&#8230;]<\/a><\/p>\n<\/div>","protected":false},"author":4,"featured_media":30962,"comment_status":"open","ping_status":"open","sticky":false,"template":"","format":"standard","meta":{"footnotes":""},"categories":[12,32],"tags":[],"class_list":{"0":"post-30960","1":"post","2":"type-post","3":"status-publish","4":"format-standard","5":"has-post-thumbnail","7":"category-cidade","8":"category-destaque"},"_links":{"self":[{"href":"https:\/\/diadianoticias.com.br\/index.php?rest_route=\/wp\/v2\/posts\/30960","targetHints":{"allow":["GET"]}}],"collection":[{"href":"https:\/\/diadianoticias.com.br\/index.php?rest_route=\/wp\/v2\/posts"}],"about":[{"href":"https:\/\/diadianoticias.com.br\/index.php?rest_route=\/wp\/v2\/types\/post"}],"author":[{"embeddable":true,"href":"https:\/\/diadianoticias.com.br\/index.php?rest_route=\/wp\/v2\/users\/4"}],"replies":[{"embeddable":true,"href":"https:\/\/diadianoticias.com.br\/index.php?rest_route=%2Fwp%2Fv2%2Fcomments&post=30960"}],"version-history":[{"count":1,"href":"https:\/\/diadianoticias.com.br\/index.php?rest_route=\/wp\/v2\/posts\/30960\/revisions"}],"predecessor-version":[{"id":30963,"href":"https:\/\/diadianoticias.com.br\/index.php?rest_route=\/wp\/v2\/posts\/30960\/revisions\/30963"}],"wp:featuredmedia":[{"embeddable":true,"href":"https:\/\/diadianoticias.com.br\/index.php?rest_route=\/wp\/v2\/media\/30962"}],"wp:attachment":[{"href":"https:\/\/diadianoticias.com.br\/index.php?rest_route=%2Fwp%2Fv2%2Fmedia&parent=30960"}],"wp:term":[{"taxonomy":"category","embeddable":true,"href":"https:\/\/diadianoticias.com.br\/index.php?rest_route=%2Fwp%2Fv2%2Fcategories&post=30960"},{"taxonomy":"post_tag","embeddable":true,"href":"https:\/\/diadianoticias.com.br\/index.php?rest_route=%2Fwp%2Fv2%2Ftags&post=30960"}],"curies":[{"name":"wp","href":"https:\/\/api.w.org\/{rel}","templated":true}]}}