{"id":27199,"date":"2018-06-06T21:19:32","date_gmt":"2018-06-06T21:19:32","guid":{"rendered":"http:\/\/diadianoticias.com.br\/?p=27199"},"modified":"2018-06-06T21:19:32","modified_gmt":"2018-06-06T21:19:32","slug":"presos-podem-ter-de-arcar-com-custos-de-permanencia-na-cadeia","status":"publish","type":"post","link":"https:\/\/diadianoticias.com.br\/?p=27199","title":{"rendered":"Presos podem ter de arcar com custos de perman\u00eancia na cadeia"},"content":{"rendered":"<figure id=\"attachment_27200\" aria-describedby=\"caption-attachment-27200\" style=\"width: 300px\" class=\"wp-caption alignleft\"><a href=\"http:\/\/diadianoticias.com.br\/wp-content\/uploads\/2018\/06\/presos2-768x512.jpg\"><img loading=\"lazy\" decoding=\"async\" class=\"wp-image-27200 size-medium\" src=\"http:\/\/diadianoticias.com.br\/wp-content\/uploads\/2018\/06\/presos2-768x512-300x200.jpg\" alt=\"\" width=\"300\" height=\"200\" srcset=\"https:\/\/diadianoticias.com.br\/wp-content\/uploads\/2018\/06\/presos2-768x512-300x200.jpg 300w, https:\/\/diadianoticias.com.br\/wp-content\/uploads\/2018\/06\/presos2-768x512.jpg 768w\" sizes=\"auto, (max-width: 300px) 100vw, 300px\" \/><\/a><figcaption id=\"caption-attachment-27200\" class=\"wp-caption-text\">(Foto: Arquivo\/Ag\u00eancia Brasil)<\/figcaption><\/figure>\n<p>Os\u00a0presidi\u00e1rios\u00a0poder\u00e3o ser obrigados a<strong>\u00a0<\/strong>ressarcir o estado\u00a0por despesas de manuten\u00e7\u00e3o com o<strong>\u00a0<\/strong>cumprimento da pena. \u00c9 o que prev\u00ea o Projeto de Lei do Senado (PLS) 580\/15, de autoria do senador Waldemir Moka (MDB-MS). O texto foi aprovado nesta quarta-feira (6) pela Comiss\u00e3o de Constitui\u00e7\u00e3o e Justi\u00e7a (CCJ) do Senado, em decis\u00e3o terminativa, por isso, se nenhum senador apresentar recurso para que a mat\u00e9ria seja votada no plen\u00e1rio da Casa, ela segue direto para a C\u00e2mara dos Deputados.<\/p>\n<p>De acordo com o projeto, os detentos poder\u00e3o custear os gastos por meio de recursos pr\u00f3prios ou pelo trabalho. No caso de n\u00e3o possuir recursos pr\u00f3prios, o condenado dever\u00e1 trabalhar para esse ressarcimento. \u201cO projeto \u00e9 de import\u00e2ncia \u00edmpar, no momento em que o pa\u00eds todo recebe o Atlas da Viol\u00eancia, em que a bandidagem toma conta do pa\u00eds. Cada preso hoje gasta em m\u00e9dia R$ 2.440 por m\u00eas, valor acima de muitos sal\u00e1rios de professores e de muitos profissionais de outras \u00e1reas do pa\u00eds\u201d, alertou o senador Ronaldo Caiado (DEM-GO), relator da proposta.<\/p>\n<p>Se proposta tamb\u00e9m for aprovada na C\u00e2mara, a expectativa \u00e9 de que o estado tenha mais recursos livres para pol\u00edticas p\u00fablicas. \u201cN\u00e3o vamos ter de gastar com condenado para ficar com mordomia de penitenci\u00e1rias e sendo recrutados por fac\u00e7\u00f5es criminosas\u201d, ressaltou Caiado.<\/p>\n<p>Embora o texto proponha a modifica\u00e7\u00e3o da Lei de Execu\u00e7\u00f5es Penais (Lep), ainda segundo o relator, o ressarcimento tratado no projeto tem natureza c\u00edvel, ou seja: \u201cn\u00e3o se est\u00e1 falando em punir o condenado mais uma vez pelo crime praticado\u201d. Ele justifica a constitucionalidade da proposta afirmando que, pela Constitui\u00e7\u00e3o Federal, todos os preju\u00edzos causados ao er\u00e1rio dever\u00e3o ser ressarcidos.<\/p>\n<p><em>(Fonte: Banda B\u00a0 via Umuarama News \/ Vinicius Azevedo)<\/em><\/p>\n","protected":false},"excerpt":{"rendered":"<div class=\"mh-excerpt\"><p>Os\u00a0presidi\u00e1rios\u00a0poder\u00e3o ser obrigados a\u00a0ressarcir o estado\u00a0por despesas de manuten\u00e7\u00e3o com o\u00a0cumprimento da pena. \u00c9 o que prev\u00ea o Projeto de Lei do Senado (PLS) 580\/15, de autoria do senador Waldemir Moka (MDB-MS). O texto foi <a class=\"mh-excerpt-more\" href=\"https:\/\/diadianoticias.com.br\/?p=27199\" title=\"Presos podem ter de arcar com custos de perman\u00eancia na cadeia\">[&#8230;]<\/a><\/p>\n<\/div>","protected":false},"author":4,"featured_media":27200,"comment_status":"open","ping_status":"open","sticky":false,"template":"","format":"standard","meta":{"footnotes":""},"categories":[32,9],"tags":[],"class_list":{"0":"post-27199","1":"post","2":"type-post","3":"status-publish","4":"format-standard","5":"has-post-thumbnail","7":"category-destaque","8":"category-nacionais"},"_links":{"self":[{"href":"https:\/\/diadianoticias.com.br\/index.php?rest_route=\/wp\/v2\/posts\/27199","targetHints":{"allow":["GET"]}}],"collection":[{"href":"https:\/\/diadianoticias.com.br\/index.php?rest_route=\/wp\/v2\/posts"}],"about":[{"href":"https:\/\/diadianoticias.com.br\/index.php?rest_route=\/wp\/v2\/types\/post"}],"author":[{"embeddable":true,"href":"https:\/\/diadianoticias.com.br\/index.php?rest_route=\/wp\/v2\/users\/4"}],"replies":[{"embeddable":true,"href":"https:\/\/diadianoticias.com.br\/index.php?rest_route=%2Fwp%2Fv2%2Fcomments&post=27199"}],"version-history":[{"count":1,"href":"https:\/\/diadianoticias.com.br\/index.php?rest_route=\/wp\/v2\/posts\/27199\/revisions"}],"predecessor-version":[{"id":27201,"href":"https:\/\/diadianoticias.com.br\/index.php?rest_route=\/wp\/v2\/posts\/27199\/revisions\/27201"}],"wp:featuredmedia":[{"embeddable":true,"href":"https:\/\/diadianoticias.com.br\/index.php?rest_route=\/wp\/v2\/media\/27200"}],"wp:attachment":[{"href":"https:\/\/diadianoticias.com.br\/index.php?rest_route=%2Fwp%2Fv2%2Fmedia&parent=27199"}],"wp:term":[{"taxonomy":"category","embeddable":true,"href":"https:\/\/diadianoticias.com.br\/index.php?rest_route=%2Fwp%2Fv2%2Fcategories&post=27199"},{"taxonomy":"post_tag","embeddable":true,"href":"https:\/\/diadianoticias.com.br\/index.php?rest_route=%2Fwp%2Fv2%2Ftags&post=27199"}],"curies":[{"name":"wp","href":"https:\/\/api.w.org\/{rel}","templated":true}]}}