{"id":27033,"date":"2018-05-22T19:13:38","date_gmt":"2018-05-22T19:13:38","guid":{"rendered":"http:\/\/diadianoticias.com.br\/?p=27033"},"modified":"2018-05-22T19:13:38","modified_gmt":"2018-05-22T19:13:38","slug":"homem-e-preso-com-caminhonete-furtada","status":"publish","type":"post","link":"https:\/\/diadianoticias.com.br\/?p=27033","title":{"rendered":"Homem \u00e9 preso com caminhonete furtada"},"content":{"rendered":"<p><a href=\"http:\/\/diadianoticias.com.br\/wp-content\/uploads\/2018\/05\/band-2.jpeg\"><img loading=\"lazy\" decoding=\"async\" class=\"alignleft size-medium wp-image-27034\" src=\"http:\/\/diadianoticias.com.br\/wp-content\/uploads\/2018\/05\/band-2-225x300.jpeg\" alt=\"\" width=\"225\" height=\"300\" srcset=\"https:\/\/diadianoticias.com.br\/wp-content\/uploads\/2018\/05\/band-2-225x300.jpeg 225w, https:\/\/diadianoticias.com.br\/wp-content\/uploads\/2018\/05\/band-2-768x1024.jpeg 768w, https:\/\/diadianoticias.com.br\/wp-content\/uploads\/2018\/05\/band-2.jpeg 960w\" sizes=\"auto, (max-width: 225px) 100vw, 225px\" \/><\/a>Policiais militares estavam em patrulhamento na manh\u00e3 desta ter\u00e7a-feira (22), pela Avenida Roberto Concei\u00e7\u00e3o, nas proximidades do pontilh\u00e3o, em Camb\u00e9, quando foi avistado um ve\u00edculo Ford\/Ranger, com placas BBL-7898, de Assis Chateaubriand, de cor branca.<br \/>\nSegundo as informa\u00e7\u00f5es, quando o motorista percebeu a presen\u00e7a da viatura policial, o mesmo tentou se evadir da equipe. Foi realizado um breve acompanhamento t\u00e1tico e onde os policiais conseguiram abordar o ve\u00edculo em frente ao F\u00f3rum da cidade.<br \/>\nDurante a abordagem, o condutor foi identificado como Celso Ramalho Junior, 30 anos. Ao ser realizada uma revista pessoal, nada de il\u00edcito foi encontrado, por\u00e9m, ao fazer verifica\u00e7\u00e3o do ve\u00edculo, a equipe constatou que a caminhonete estava sem os bancos, apenas com o banco do motorista, e no interior havia um par de placas bad-6798 de uma outra camionete Ford\/Ranger. Ao ser consultada a placa do ve\u00edculo, n\u00e3o conferia com o chassis, tampouco a placa encontrado no seu interior. <a href=\"http:\/\/diadianoticias.com.br\/wp-content\/uploads\/2018\/05\/band.jpeg\"><img loading=\"lazy\" decoding=\"async\" class=\"alignright size-medium wp-image-27035\" src=\"http:\/\/diadianoticias.com.br\/wp-content\/uploads\/2018\/05\/band-225x300.jpeg\" alt=\"\" width=\"225\" height=\"300\" srcset=\"https:\/\/diadianoticias.com.br\/wp-content\/uploads\/2018\/05\/band-225x300.jpeg 225w, https:\/\/diadianoticias.com.br\/wp-content\/uploads\/2018\/05\/band-768x1024.jpeg 768w, https:\/\/diadianoticias.com.br\/wp-content\/uploads\/2018\/05\/band.jpeg 960w\" sizes=\"auto, (max-width: 225px) 100vw, 225px\" \/><\/a><br \/>\nOs policiais ent\u00e3o consultaram o chassis do ve\u00edculo e identificaram a placa de origem, sendo AZQ-1349, onde acabaram constatando que a caminhonete foi furtada na cidade de Astorga-PR, no dia \u00faltimo dia 08 de maio.<br \/>\nDiante dos fatos, foi dado voz de pris\u00e3o para o condutor e encaminhado juntamente com o ve\u00edculo furtado para a Delegacia de Pol\u00edcia de Camb\u00e9.<\/p>\n","protected":false},"excerpt":{"rendered":"<div class=\"mh-excerpt\"><p>Policiais militares estavam em patrulhamento na manh\u00e3 desta ter\u00e7a-feira (22), pela Avenida Roberto Concei\u00e7\u00e3o, nas proximidades do pontilh\u00e3o, em Camb\u00e9, quando foi avistado um ve\u00edculo Ford\/Ranger, com placas BBL-7898, de Assis Chateaubriand, de cor branca. <a class=\"mh-excerpt-more\" href=\"https:\/\/diadianoticias.com.br\/?p=27033\" title=\"Homem \u00e9 preso com caminhonete furtada\">[&#8230;]<\/a><\/p>\n<\/div>","protected":false},"author":4,"featured_media":27034,"comment_status":"open","ping_status":"open","sticky":false,"template":"","format":"standard","meta":{"footnotes":""},"categories":[8],"tags":[],"class_list":{"0":"post-27033","1":"post","2":"type-post","3":"status-publish","4":"format-standard","5":"has-post-thumbnail","7":"category-regionais"},"_links":{"self":[{"href":"https:\/\/diadianoticias.com.br\/index.php?rest_route=\/wp\/v2\/posts\/27033","targetHints":{"allow":["GET"]}}],"collection":[{"href":"https:\/\/diadianoticias.com.br\/index.php?rest_route=\/wp\/v2\/posts"}],"about":[{"href":"https:\/\/diadianoticias.com.br\/index.php?rest_route=\/wp\/v2\/types\/post"}],"author":[{"embeddable":true,"href":"https:\/\/diadianoticias.com.br\/index.php?rest_route=\/wp\/v2\/users\/4"}],"replies":[{"embeddable":true,"href":"https:\/\/diadianoticias.com.br\/index.php?rest_route=%2Fwp%2Fv2%2Fcomments&post=27033"}],"version-history":[{"count":1,"href":"https:\/\/diadianoticias.com.br\/index.php?rest_route=\/wp\/v2\/posts\/27033\/revisions"}],"predecessor-version":[{"id":27036,"href":"https:\/\/diadianoticias.com.br\/index.php?rest_route=\/wp\/v2\/posts\/27033\/revisions\/27036"}],"wp:featuredmedia":[{"embeddable":true,"href":"https:\/\/diadianoticias.com.br\/index.php?rest_route=\/wp\/v2\/media\/27034"}],"wp:attachment":[{"href":"https:\/\/diadianoticias.com.br\/index.php?rest_route=%2Fwp%2Fv2%2Fmedia&parent=27033"}],"wp:term":[{"taxonomy":"category","embeddable":true,"href":"https:\/\/diadianoticias.com.br\/index.php?rest_route=%2Fwp%2Fv2%2Fcategories&post=27033"},{"taxonomy":"post_tag","embeddable":true,"href":"https:\/\/diadianoticias.com.br\/index.php?rest_route=%2Fwp%2Fv2%2Ftags&post=27033"}],"curies":[{"name":"wp","href":"https:\/\/api.w.org\/{rel}","templated":true}]}}