{"id":26804,"date":"2018-05-04T10:17:37","date_gmt":"2018-05-04T10:17:37","guid":{"rendered":"http:\/\/diadianoticias.com.br\/?p=26804"},"modified":"2018-05-04T10:17:37","modified_gmt":"2018-05-04T10:17:37","slug":"ato-ecumenico-pela-valorizacao-da-vida-acontece-neste-sabado","status":"publish","type":"post","link":"https:\/\/diadianoticias.com.br\/?p=26804","title":{"rendered":"Ato ecum\u00eanico pela valoriza\u00e7\u00e3o da vida acontece neste s\u00e1bado"},"content":{"rendered":"<p><em>Lideran\u00e7as cat\u00f3licas e evang\u00e9licas se re\u00fanem com fi\u00e9is na Pra\u00e7a 26 de Julho para ora\u00e7\u00f5es a partir das 11h<\/em><\/p>\n<p><a href=\"http:\/\/diadianoticias.com.br\/wp-content\/uploads\/2018\/05\/Ato-Ecumenico.jpeg\"><img loading=\"lazy\" decoding=\"async\" class=\"alignleft size-medium wp-image-26805\" src=\"http:\/\/diadianoticias.com.br\/wp-content\/uploads\/2018\/05\/Ato-Ecumenico-300x300.jpeg\" alt=\"\" width=\"300\" height=\"300\" srcset=\"https:\/\/diadianoticias.com.br\/wp-content\/uploads\/2018\/05\/Ato-Ecumenico-300x300.jpeg 300w, https:\/\/diadianoticias.com.br\/wp-content\/uploads\/2018\/05\/Ato-Ecumenico-150x150.jpeg 150w, https:\/\/diadianoticias.com.br\/wp-content\/uploads\/2018\/05\/Ato-Ecumenico-768x768.jpeg 768w, https:\/\/diadianoticias.com.br\/wp-content\/uploads\/2018\/05\/Ato-Ecumenico-1024x1024.jpeg 1024w, https:\/\/diadianoticias.com.br\/wp-content\/uploads\/2018\/05\/Ato-Ecumenico.jpeg 1080w\" sizes=\"auto, (max-width: 300px) 100vw, 300px\" \/><\/a>Em busca de valorizar o bem mais precioso do ser humano, lideran\u00e7as das igrejas cat\u00f3licas e evang\u00e9licas de Cianorte promovem neste s\u00e1bado (05), \u00e0s 11h, na Pra\u00e7a 26 de Julho (centro da cidade), um ato ecum\u00eanico pela valoriza\u00e7\u00e3o da vida. Todos os cianortenses est\u00e3o convidados a participar da ocasi\u00e3o, que contar\u00e1 com momentos de reflex\u00e3o e ora\u00e7\u00e3o.<\/p>\n<p>Al\u00e9m do ato p\u00fablico, as igrejas evang\u00e9licas do munic\u00edpio tamb\u00e9m se mobilizam para 24 horas seguidas de vig\u00edlia no local. \u201cCome\u00e7aremos \u00e0s 23h da sexta-feira (04) e vamos at\u00e9 \u00e0s 23h do s\u00e1bado (05). A cada hora, os fi\u00e9is de uma das igrejas ser\u00e3o respons\u00e1veis pelos momentos de ora\u00e7\u00e3o e jejum\u201d, salienta o presidente do Conselho dos Ministros Evang\u00e9licos de Cianorte (Comec), pastor Jonhy Sandro Ferreira.<\/p>\n","protected":false},"excerpt":{"rendered":"<div class=\"mh-excerpt\"><p>Lideran\u00e7as cat\u00f3licas e evang\u00e9licas se re\u00fanem com fi\u00e9is na Pra\u00e7a 26 de Julho para ora\u00e7\u00f5es a partir das 11h Em busca de valorizar o bem mais precioso do ser humano, lideran\u00e7as das igrejas cat\u00f3licas e <a class=\"mh-excerpt-more\" href=\"https:\/\/diadianoticias.com.br\/?p=26804\" title=\"Ato ecum\u00eanico pela valoriza\u00e7\u00e3o da vida acontece neste s\u00e1bado\">[&#8230;]<\/a><\/p>\n<\/div>","protected":false},"author":4,"featured_media":26805,"comment_status":"open","ping_status":"open","sticky":false,"template":"","format":"standard","meta":{"footnotes":""},"categories":[32,23],"tags":[],"class_list":{"0":"post-26804","1":"post","2":"type-post","3":"status-publish","4":"format-standard","5":"has-post-thumbnail","7":"category-destaque","8":"category-local"},"_links":{"self":[{"href":"https:\/\/diadianoticias.com.br\/index.php?rest_route=\/wp\/v2\/posts\/26804","targetHints":{"allow":["GET"]}}],"collection":[{"href":"https:\/\/diadianoticias.com.br\/index.php?rest_route=\/wp\/v2\/posts"}],"about":[{"href":"https:\/\/diadianoticias.com.br\/index.php?rest_route=\/wp\/v2\/types\/post"}],"author":[{"embeddable":true,"href":"https:\/\/diadianoticias.com.br\/index.php?rest_route=\/wp\/v2\/users\/4"}],"replies":[{"embeddable":true,"href":"https:\/\/diadianoticias.com.br\/index.php?rest_route=%2Fwp%2Fv2%2Fcomments&post=26804"}],"version-history":[{"count":1,"href":"https:\/\/diadianoticias.com.br\/index.php?rest_route=\/wp\/v2\/posts\/26804\/revisions"}],"predecessor-version":[{"id":26806,"href":"https:\/\/diadianoticias.com.br\/index.php?rest_route=\/wp\/v2\/posts\/26804\/revisions\/26806"}],"wp:featuredmedia":[{"embeddable":true,"href":"https:\/\/diadianoticias.com.br\/index.php?rest_route=\/wp\/v2\/media\/26805"}],"wp:attachment":[{"href":"https:\/\/diadianoticias.com.br\/index.php?rest_route=%2Fwp%2Fv2%2Fmedia&parent=26804"}],"wp:term":[{"taxonomy":"category","embeddable":true,"href":"https:\/\/diadianoticias.com.br\/index.php?rest_route=%2Fwp%2Fv2%2Fcategories&post=26804"},{"taxonomy":"post_tag","embeddable":true,"href":"https:\/\/diadianoticias.com.br\/index.php?rest_route=%2Fwp%2Fv2%2Ftags&post=26804"}],"curies":[{"name":"wp","href":"https:\/\/api.w.org\/{rel}","templated":true}]}}