{"id":25983,"date":"2018-03-16T00:27:34","date_gmt":"2018-03-16T00:27:34","guid":{"rendered":"http:\/\/diadianoticias.com.br\/?p=25983"},"modified":"2018-03-16T00:27:34","modified_gmt":"2018-03-16T00:27:34","slug":"jonas-guimaraes-entrega-veiculos-para-orgaos-de-apoio-ao-trabalhador","status":"publish","type":"post","link":"https:\/\/diadianoticias.com.br\/?p=25983","title":{"rendered":"Jonas Guimar\u00e3es entrega ve\u00edculos para \u00f3rg\u00e3os de apoio ao trabalhador"},"content":{"rendered":"<p><a href=\"http:\/\/diadianoticias.com.br\/wp-content\/uploads\/2018\/03\/IMG_4046-copy-1.jpg\"><img loading=\"lazy\" decoding=\"async\" class=\"alignleft size-medium wp-image-25985\" src=\"http:\/\/diadianoticias.com.br\/wp-content\/uploads\/2018\/03\/IMG_4046-copy-1-300x200.jpg\" alt=\"\" width=\"300\" height=\"200\" srcset=\"https:\/\/diadianoticias.com.br\/wp-content\/uploads\/2018\/03\/IMG_4046-copy-1-300x200.jpg 300w, https:\/\/diadianoticias.com.br\/wp-content\/uploads\/2018\/03\/IMG_4046-copy-1-768x512.jpg 768w, https:\/\/diadianoticias.com.br\/wp-content\/uploads\/2018\/03\/IMG_4046-copy-1.jpg 800w\" sizes=\"auto, (max-width: 300px) 100vw, 300px\" \/><\/a>Em Cianorte, os atendimentos realizados pela Ag\u00eancia do Trabalhador e pelo Escrit\u00f3rio Regional da Secretaria de Estado da Justi\u00e7a, Trabalho e Direitos Humanos receberam refor\u00e7os nessa semana. Isto porque, na manh\u00e3 dessa quinta-feira (15), o deputado estadual Jonas Guimar\u00e3es oficializou a entrega de dois ve\u00edculos Gol\/Volkswagen, zero quil\u00f4metro, sendo um para cada \u00f3rg\u00e3o. Os autom\u00f3veis s\u00e3o resultado da indica\u00e7\u00e3o do parlamentar ao Governo do Estado que, no total, beneficiou 81 Ag\u00eancias do Trabalhador e 19 Escrit\u00f3rios Regionais, o que representa um investimento de R$ 3,3 milh\u00f5es.<\/p>\n<p>Segundo Jonas, essas conquistas dever\u00e3o contribuir na amplia\u00e7\u00e3o dos atendimentos oferecidos a popula\u00e7\u00e3o. \u201cEntendo que esses carros oferecer\u00e3o ainda mais condi\u00e7\u00f5es para a cria\u00e7\u00e3o de novos postos de trabalho no munic\u00edpio\u201d, enfatizou o deputado. \u201cCianorte, que j\u00e1 apresenta um cen\u00e1rio favor\u00e1vel quando o assunto \u00e9 emprego, tende a se desenvolver cada vez mais nesse sentido\u201d, completou.<\/p>\n<p>\u201cAgradecemos ao deputado Jonas pelo apoio que sempre tem dado ao nosso munic\u00edpio por meio da conquista de<a href=\"http:\/\/diadianoticias.com.br\/wp-content\/uploads\/2018\/03\/IMG_4037-copy.jpg\"><img loading=\"lazy\" decoding=\"async\" class=\"alignright size-medium wp-image-25986\" src=\"http:\/\/diadianoticias.com.br\/wp-content\/uploads\/2018\/03\/IMG_4037-copy-300x200.jpg\" alt=\"\" width=\"300\" height=\"200\" srcset=\"https:\/\/diadianoticias.com.br\/wp-content\/uploads\/2018\/03\/IMG_4037-copy-300x200.jpg 300w, https:\/\/diadianoticias.com.br\/wp-content\/uploads\/2018\/03\/IMG_4037-copy-768x512.jpg 768w, https:\/\/diadianoticias.com.br\/wp-content\/uploads\/2018\/03\/IMG_4037-copy.jpg 800w\" sizes=\"auto, (max-width: 300px) 100vw, 300px\" \/><\/a> in\u00fameras melhorias junto ao Governo Estadual e ao governador Beto Richa. Esses autom\u00f3veis ser\u00e3o ferramentas fundamentais para os nossos servidores, que constantemente visitam empresas com vistas a incluir novos trabalhadores no mercado\u201d, disse o prefeito Bongiorno, acompanhado do vice, Beto Nabhan.<\/p>\n<p>Tamb\u00e9m participaram do ato de entrega o secret\u00e1rio de Ind\u00fastria, Com\u00e9rcio e Turismo, Wanderley Fernandes; o secret\u00e1rio de Administra\u00e7\u00e3o, Eliab Vieira Moreno; o secretario de Esporte e Lazer, Valter Digiorgio; o chefe da Divis\u00e3o de Patrim\u00f4nio, Reginaldo Epif\u00e2nio de Souza; o chefe do Escrit\u00f3rio Regional da Secretaria de Estado da Justi\u00e7a, Trabalho e Direitos Humanos, Sidnei Souza; os colaboradores da Ag\u00eancia do Trabalhador, Sandra Regina Faria da Costa, Roberson Moralles e Waldomiro Gon\u00e7alves Pereira; e o assessor da Confedera\u00e7\u00e3o Nacional de Munic\u00edpios, Carlos Menussi.<\/p>\n","protected":false},"excerpt":{"rendered":"<div class=\"mh-excerpt\"><p>Em Cianorte, os atendimentos realizados pela Ag\u00eancia do Trabalhador e pelo Escrit\u00f3rio Regional da Secretaria de Estado da Justi\u00e7a, Trabalho e Direitos Humanos receberam refor\u00e7os nessa semana. Isto porque, na manh\u00e3 dessa quinta-feira (15), o <a class=\"mh-excerpt-more\" href=\"https:\/\/diadianoticias.com.br\/?p=25983\" title=\"Jonas Guimar\u00e3es entrega ve\u00edculos para \u00f3rg\u00e3os de apoio ao trabalhador\">[&#8230;]<\/a><\/p>\n<\/div>","protected":false},"author":4,"featured_media":25985,"comment_status":"open","ping_status":"open","sticky":false,"template":"","format":"standard","meta":{"footnotes":""},"categories":[32,23],"tags":[],"class_list":{"0":"post-25983","1":"post","2":"type-post","3":"status-publish","4":"format-standard","5":"has-post-thumbnail","7":"category-destaque","8":"category-local"},"_links":{"self":[{"href":"https:\/\/diadianoticias.com.br\/index.php?rest_route=\/wp\/v2\/posts\/25983","targetHints":{"allow":["GET"]}}],"collection":[{"href":"https:\/\/diadianoticias.com.br\/index.php?rest_route=\/wp\/v2\/posts"}],"about":[{"href":"https:\/\/diadianoticias.com.br\/index.php?rest_route=\/wp\/v2\/types\/post"}],"author":[{"embeddable":true,"href":"https:\/\/diadianoticias.com.br\/index.php?rest_route=\/wp\/v2\/users\/4"}],"replies":[{"embeddable":true,"href":"https:\/\/diadianoticias.com.br\/index.php?rest_route=%2Fwp%2Fv2%2Fcomments&post=25983"}],"version-history":[{"count":1,"href":"https:\/\/diadianoticias.com.br\/index.php?rest_route=\/wp\/v2\/posts\/25983\/revisions"}],"predecessor-version":[{"id":25987,"href":"https:\/\/diadianoticias.com.br\/index.php?rest_route=\/wp\/v2\/posts\/25983\/revisions\/25987"}],"wp:featuredmedia":[{"embeddable":true,"href":"https:\/\/diadianoticias.com.br\/index.php?rest_route=\/wp\/v2\/media\/25985"}],"wp:attachment":[{"href":"https:\/\/diadianoticias.com.br\/index.php?rest_route=%2Fwp%2Fv2%2Fmedia&parent=25983"}],"wp:term":[{"taxonomy":"category","embeddable":true,"href":"https:\/\/diadianoticias.com.br\/index.php?rest_route=%2Fwp%2Fv2%2Fcategories&post=25983"},{"taxonomy":"post_tag","embeddable":true,"href":"https:\/\/diadianoticias.com.br\/index.php?rest_route=%2Fwp%2Fv2%2Ftags&post=25983"}],"curies":[{"name":"wp","href":"https:\/\/api.w.org\/{rel}","templated":true}]}}