{"id":25562,"date":"2018-02-23T14:09:52","date_gmt":"2018-02-23T14:09:52","guid":{"rendered":"http:\/\/diadianoticias.com.br\/?p=25562"},"modified":"2018-02-23T14:09:52","modified_gmt":"2018-02-23T14:09:52","slug":"comite-de-combate-a-dengue-discute-aumento-de-multas-para-casos-de-focos-do-mosquito","status":"publish","type":"post","link":"https:\/\/diadianoticias.com.br\/?p=25562","title":{"rendered":"Comit\u00ea de Combate \u00e0 Dengue discute aumento de multas para casos de focos do mosquito"},"content":{"rendered":"<p><a href=\"http:\/\/diadianoticias.com.br\/wp-content\/uploads\/2018\/02\/PREF.jpg\"><img loading=\"lazy\" decoding=\"async\" class=\"alignleft size-medium wp-image-25564\" src=\"http:\/\/diadianoticias.com.br\/wp-content\/uploads\/2018\/02\/PREF-300x200.jpg\" alt=\"\" width=\"300\" height=\"200\" srcset=\"https:\/\/diadianoticias.com.br\/wp-content\/uploads\/2018\/02\/PREF-300x200.jpg 300w, https:\/\/diadianoticias.com.br\/wp-content\/uploads\/2018\/02\/PREF-768x512.jpg 768w, https:\/\/diadianoticias.com.br\/wp-content\/uploads\/2018\/02\/PREF-1024x683.jpg 1024w, https:\/\/diadianoticias.com.br\/wp-content\/uploads\/2018\/02\/PREF.jpg 1152w\" sizes=\"auto, (max-width: 300px) 100vw, 300px\" \/><\/a>Formado por representantes de diversos segmentos da sociedade cianortense, tanto de \u00f3rg\u00e3os institucionais quanto de n\u00e3o-governamentais, o Comit\u00ea Municipal de\u00a0Combate \u00e0 Dengue efetuou reuni\u00e3o na manh\u00e3 dessa quinta-feira (22), na sede da\u00a0Secretaria de Sa\u00fade, para avaliar o panorama da cidade quanto \u00e0 presen\u00e7a do mosquito<br \/>\nAedes aegypti, bem como discutir e estabelecer a\u00e7\u00f5es.<br \/>\nDe acordo com relat\u00f3rio apresentado pela Divis\u00e3o de Vigil\u00e2ncia em Sa\u00fade, neste\u00a0ano, j\u00e1 foram emitidas 522 notifica\u00e7\u00f5es por foco de mosquito; instaurados 12 processos\u00a0por reincid\u00eancia, sendo dois encaminhados ao Minist\u00e9rio P\u00fablico; e investigados 45\u00a0casos suspeitos de dengue, sendo todos descartados. Fazendo um comparativo, o \u00edndice\u00a0de infesta\u00e7\u00e3o geral subiu de 1,4% , em janeiro de 2017, para 4,4%, em janeiro de 2018.<br \/>\nSegundo a chefe da Divis\u00e3o, Heloisa Dantas, isto se deve ao volume de chuva\u00a0acima da m\u00e9dia, somado ao tempo quente e ao descuido da popula\u00e7\u00e3o. \u201cCerca de 80%\u00a0dos focos estavam nas resid\u00eancias e o mau acondicionamento do lixo \u00e9 principal vil\u00e3o,\u00a0pois foram encontrados em recipientes pl\u00e1sticos, garrafas, latas e tipos de potes semelhantes, al\u00e9m de lonas, calhas e outros\u201d, contou.<br \/>\nAssim, uma medida avaliada pelo Comit\u00ea para que as pessoas tomem ou\u00a0reforcem os cuidados necess\u00e1rios em suas moradias foi a altera\u00e7\u00e3o da atual legisla\u00e7\u00e3o\u00a0que disp\u00f5e sobre a preven\u00e7\u00e3o da dengue (Lei Municipal N\u00ba 2992\/2007), aumentando o\u00a0valor das multas em casos de focos do mosquito, que s\u00e3o de R$ 129,94 para resid\u00eancias,<br \/>\nR$ 389,90 para terrenos e de R$ 1.299,40 para estabelecimentos comerciais\/industriais,\u00a0que passariam a ser de R$ 400,00 para resid\u00eancias e terrenos e de R$ 1.300,00 para\u00a0estabelecimentos comerciais\/industriais.<br \/>\n\u201cAl\u00e9m disso, tamb\u00e9m \u00e9 importante que a lei passe a abranger medidas de\u00a0preven\u00e7\u00e3o e combate aos animais pe\u00e7onhentos como, por exemplo, o escorpi\u00e3o\u00a0amarelo\u201d, destacou a supervisora do Programa Municipal de Combate \u00e0 Dengue, Vera\u00a0Fusisawa, que defende o enrijecimento da legisla\u00e7\u00e3o. \u201cO trabalho dos agentes na\u00a0orienta\u00e7\u00e3o e fiscaliza\u00e7\u00e3o \u00e9 intenso, bem como a divulga\u00e7\u00e3o, pelas mais variadas m\u00eddias,\u00a0sobre os cuidados necess\u00e1rios. Por isso, acreditamos que a falta de conhecimento n\u00e3o \u00e9\u00a0a causa do alto \u00edndice de infesta\u00e7\u00e3o, mas sim o descuido e, para mudar isso, o aumento\u00a0da multa \u00e9 um meio de surtir efeito\u201d, concluiu.<\/p>\n","protected":false},"excerpt":{"rendered":"<div class=\"mh-excerpt\"><p>Formado por representantes de diversos segmentos da sociedade cianortense, tanto de \u00f3rg\u00e3os institucionais quanto de n\u00e3o-governamentais, o Comit\u00ea Municipal de\u00a0Combate \u00e0 Dengue efetuou reuni\u00e3o na manh\u00e3 dessa quinta-feira (22), na sede da\u00a0Secretaria de Sa\u00fade, para <a class=\"mh-excerpt-more\" href=\"https:\/\/diadianoticias.com.br\/?p=25562\" title=\"Comit\u00ea de Combate \u00e0 Dengue discute aumento de multas para casos de focos do mosquito\">[&#8230;]<\/a><\/p>\n<\/div>","protected":false},"author":4,"featured_media":25564,"comment_status":"open","ping_status":"open","sticky":false,"template":"","format":"standard","meta":{"footnotes":""},"categories":[12],"tags":[],"class_list":{"0":"post-25562","1":"post","2":"type-post","3":"status-publish","4":"format-standard","5":"has-post-thumbnail","7":"category-cidade"},"_links":{"self":[{"href":"https:\/\/diadianoticias.com.br\/index.php?rest_route=\/wp\/v2\/posts\/25562","targetHints":{"allow":["GET"]}}],"collection":[{"href":"https:\/\/diadianoticias.com.br\/index.php?rest_route=\/wp\/v2\/posts"}],"about":[{"href":"https:\/\/diadianoticias.com.br\/index.php?rest_route=\/wp\/v2\/types\/post"}],"author":[{"embeddable":true,"href":"https:\/\/diadianoticias.com.br\/index.php?rest_route=\/wp\/v2\/users\/4"}],"replies":[{"embeddable":true,"href":"https:\/\/diadianoticias.com.br\/index.php?rest_route=%2Fwp%2Fv2%2Fcomments&post=25562"}],"version-history":[{"count":1,"href":"https:\/\/diadianoticias.com.br\/index.php?rest_route=\/wp\/v2\/posts\/25562\/revisions"}],"predecessor-version":[{"id":25565,"href":"https:\/\/diadianoticias.com.br\/index.php?rest_route=\/wp\/v2\/posts\/25562\/revisions\/25565"}],"wp:featuredmedia":[{"embeddable":true,"href":"https:\/\/diadianoticias.com.br\/index.php?rest_route=\/wp\/v2\/media\/25564"}],"wp:attachment":[{"href":"https:\/\/diadianoticias.com.br\/index.php?rest_route=%2Fwp%2Fv2%2Fmedia&parent=25562"}],"wp:term":[{"taxonomy":"category","embeddable":true,"href":"https:\/\/diadianoticias.com.br\/index.php?rest_route=%2Fwp%2Fv2%2Fcategories&post=25562"},{"taxonomy":"post_tag","embeddable":true,"href":"https:\/\/diadianoticias.com.br\/index.php?rest_route=%2Fwp%2Fv2%2Ftags&post=25562"}],"curies":[{"name":"wp","href":"https:\/\/api.w.org\/{rel}","templated":true}]}}