{"id":24373,"date":"2017-10-18T13:48:29","date_gmt":"2017-10-18T13:48:29","guid":{"rendered":"http:\/\/diadianoticias.com.br\/?p=24373"},"modified":"2017-10-18T13:48:29","modified_gmt":"2017-10-18T13:48:29","slug":"bebe-fica-ferido-em-acidente-entre-carro-e-moto","status":"publish","type":"post","link":"https:\/\/diadianoticias.com.br\/?p=24373","title":{"rendered":"Beb\u00ea fica ferido em acidente entre carro e moto"},"content":{"rendered":"<figure id=\"attachment_24374\" aria-describedby=\"caption-attachment-24374\" style=\"width: 300px\" class=\"wp-caption alignleft\"><a href=\"http:\/\/diadianoticias.com.br\/wp-content\/uploads\/2017\/10\/lg-aeb8aa44-caa2-441c-bd69-592d2be9298f.jpg\"><img loading=\"lazy\" decoding=\"async\" class=\"size-medium wp-image-24374\" src=\"http:\/\/diadianoticias.com.br\/wp-content\/uploads\/2017\/10\/lg-aeb8aa44-caa2-441c-bd69-592d2be9298f-300x166.jpg\" alt=\"\" width=\"300\" height=\"166\" srcset=\"https:\/\/diadianoticias.com.br\/wp-content\/uploads\/2017\/10\/lg-aeb8aa44-caa2-441c-bd69-592d2be9298f-300x166.jpg 300w, https:\/\/diadianoticias.com.br\/wp-content\/uploads\/2017\/10\/lg-aeb8aa44-caa2-441c-bd69-592d2be9298f-768x424.jpg 768w, https:\/\/diadianoticias.com.br\/wp-content\/uploads\/2017\/10\/lg-aeb8aa44-caa2-441c-bd69-592d2be9298f.jpg 961w\" sizes=\"auto, (max-width: 300px) 100vw, 300px\" \/><\/a><figcaption id=\"caption-attachment-24374\" class=\"wp-caption-text\">(Foto: Rafael Silvestrin\/ tasabendo.com.br)<\/figcaption><\/figure>\n<p>Um beb\u00ea com menos de um ano, que estava sendo transportado em uma moto, entre um casal, ficou gravemente ferido na noite de ter\u00e7a-feira (17), em um acidente de tr\u00e2nsito. A situa\u00e7\u00e3o aconteceu no cruzamento da Perimetral Tancredo Almeida Neves com a Rua S\u00e3o Jos\u00e9, em Campo Mour\u00e3o.<\/p>\n<p>Um carro colidiu contra a moto em que estavam os tr\u00eas ocupantes. O casal teve apenas ferimentos leves, e o beb\u00ea foi encaminhado em estado grave ao hospital.<\/p>\n<p><em>Colabora\u00e7\u00e3o Daniela Borsuk\/ tasabendo.com.br<\/em><br \/>\n(Fonte: Massanews.com)<\/p>\n","protected":false},"excerpt":{"rendered":"<div class=\"mh-excerpt\"><p>Um beb\u00ea com menos de um ano, que estava sendo transportado em uma moto, entre um casal, ficou gravemente ferido na noite de ter\u00e7a-feira (17), em um acidente de tr\u00e2nsito. A situa\u00e7\u00e3o aconteceu no cruzamento <a class=\"mh-excerpt-more\" href=\"https:\/\/diadianoticias.com.br\/?p=24373\" title=\"Beb\u00ea fica ferido em acidente entre carro e moto\">[&#8230;]<\/a><\/p>\n<\/div>","protected":false},"author":4,"featured_media":24374,"comment_status":"open","ping_status":"open","sticky":false,"template":"","format":"standard","meta":{"footnotes":""},"categories":[8],"tags":[],"class_list":{"0":"post-24373","1":"post","2":"type-post","3":"status-publish","4":"format-standard","5":"has-post-thumbnail","7":"category-regionais"},"_links":{"self":[{"href":"https:\/\/diadianoticias.com.br\/index.php?rest_route=\/wp\/v2\/posts\/24373","targetHints":{"allow":["GET"]}}],"collection":[{"href":"https:\/\/diadianoticias.com.br\/index.php?rest_route=\/wp\/v2\/posts"}],"about":[{"href":"https:\/\/diadianoticias.com.br\/index.php?rest_route=\/wp\/v2\/types\/post"}],"author":[{"embeddable":true,"href":"https:\/\/diadianoticias.com.br\/index.php?rest_route=\/wp\/v2\/users\/4"}],"replies":[{"embeddable":true,"href":"https:\/\/diadianoticias.com.br\/index.php?rest_route=%2Fwp%2Fv2%2Fcomments&post=24373"}],"version-history":[{"count":1,"href":"https:\/\/diadianoticias.com.br\/index.php?rest_route=\/wp\/v2\/posts\/24373\/revisions"}],"predecessor-version":[{"id":24375,"href":"https:\/\/diadianoticias.com.br\/index.php?rest_route=\/wp\/v2\/posts\/24373\/revisions\/24375"}],"wp:featuredmedia":[{"embeddable":true,"href":"https:\/\/diadianoticias.com.br\/index.php?rest_route=\/wp\/v2\/media\/24374"}],"wp:attachment":[{"href":"https:\/\/diadianoticias.com.br\/index.php?rest_route=%2Fwp%2Fv2%2Fmedia&parent=24373"}],"wp:term":[{"taxonomy":"category","embeddable":true,"href":"https:\/\/diadianoticias.com.br\/index.php?rest_route=%2Fwp%2Fv2%2Fcategories&post=24373"},{"taxonomy":"post_tag","embeddable":true,"href":"https:\/\/diadianoticias.com.br\/index.php?rest_route=%2Fwp%2Fv2%2Ftags&post=24373"}],"curies":[{"name":"wp","href":"https:\/\/api.w.org\/{rel}","templated":true}]}}