{"id":24359,"date":"2017-10-16T18:27:06","date_gmt":"2017-10-16T18:27:06","guid":{"rendered":"http:\/\/diadianoticias.com.br\/?p=24359"},"modified":"2017-10-16T18:27:06","modified_gmt":"2017-10-16T18:27:06","slug":"enfermeira-do-samu-e-agredida-com-soco-durante-atendimento","status":"publish","type":"post","link":"https:\/\/diadianoticias.com.br\/?p=24359","title":{"rendered":"Enfermeira do Samu \u00e9 agredida com soco durante atendimento"},"content":{"rendered":"<figure id=\"attachment_24360\" aria-describedby=\"caption-attachment-24360\" style=\"width: 300px\" class=\"wp-caption alignleft\"><a href=\"http:\/\/diadianoticias.com.br\/wp-content\/uploads\/2017\/10\/enfermeira.jpeg\"><img loading=\"lazy\" decoding=\"async\" class=\"wp-image-24360 size-medium\" src=\"http:\/\/diadianoticias.com.br\/wp-content\/uploads\/2017\/10\/enfermeira-300x166.jpeg\" alt=\"\" width=\"300\" height=\"166\" srcset=\"https:\/\/diadianoticias.com.br\/wp-content\/uploads\/2017\/10\/enfermeira-300x166.jpeg 300w, https:\/\/diadianoticias.com.br\/wp-content\/uploads\/2017\/10\/enfermeira-768x424.jpeg 768w, https:\/\/diadianoticias.com.br\/wp-content\/uploads\/2017\/10\/enfermeira.jpeg 961w\" sizes=\"auto, (max-width: 300px) 100vw, 300px\" \/><\/a><figcaption id=\"caption-attachment-24360\" class=\"wp-caption-text\">(Foto: Ilustra\u00e7\u00e3o\/Samu)<\/figcaption><\/figure>\n<p>Uma enfermeira do Samu foi agredida no final da tarde de domingo (15) na cidade de Paranava\u00ed. A equipe se deslocou para atender duas pessoas v\u00edtimas de um acidente de motocicleta na rodovia PR-158.<\/p>\n<p>Al\u00e9m da UTI m\u00f3vel do Samu, o corpo de bombeiros tamb\u00e9m foi at\u00e9 o local. De acordo com informa\u00e7\u00f5es repassadas aos socorristas, as v\u00edtimas estariam embriagadas e feridas.<\/p>\n<p>Uma das v\u00edtimas foi atendida e a outra se recusou a receber os primeiros socorros. Logo em seguida agrediu a enfermeira com um soco no rosto.<\/p>\n<p>Como a pessoa estava muito alterada, a Pol\u00edcia Militar foi acionada para cont\u00ea-la e acompanhar a ambul\u00e2ncia at\u00e9 a Santa Casa de Paranava\u00ed.<\/p>\n<p><em>Colabora\u00e7\u00e3o O Bemdito\/Samu Noroeste e Paranava\u00ed Urgente<\/p>\n<p>(Fonte : Massanews.com)<\/em><\/p>\n","protected":false},"excerpt":{"rendered":"<div class=\"mh-excerpt\"><p>Uma enfermeira do Samu foi agredida no final da tarde de domingo (15) na cidade de Paranava\u00ed. A equipe se deslocou para atender duas pessoas v\u00edtimas de um acidente de motocicleta na rodovia PR-158. Al\u00e9m <a class=\"mh-excerpt-more\" href=\"https:\/\/diadianoticias.com.br\/?p=24359\" title=\"Enfermeira do Samu \u00e9 agredida com soco durante atendimento\">[&#8230;]<\/a><\/p>\n<\/div>","protected":false},"author":4,"featured_media":24360,"comment_status":"open","ping_status":"open","sticky":false,"template":"","format":"standard","meta":{"footnotes":""},"categories":[8],"tags":[],"class_list":{"0":"post-24359","1":"post","2":"type-post","3":"status-publish","4":"format-standard","5":"has-post-thumbnail","7":"category-regionais"},"_links":{"self":[{"href":"https:\/\/diadianoticias.com.br\/index.php?rest_route=\/wp\/v2\/posts\/24359","targetHints":{"allow":["GET"]}}],"collection":[{"href":"https:\/\/diadianoticias.com.br\/index.php?rest_route=\/wp\/v2\/posts"}],"about":[{"href":"https:\/\/diadianoticias.com.br\/index.php?rest_route=\/wp\/v2\/types\/post"}],"author":[{"embeddable":true,"href":"https:\/\/diadianoticias.com.br\/index.php?rest_route=\/wp\/v2\/users\/4"}],"replies":[{"embeddable":true,"href":"https:\/\/diadianoticias.com.br\/index.php?rest_route=%2Fwp%2Fv2%2Fcomments&post=24359"}],"version-history":[{"count":1,"href":"https:\/\/diadianoticias.com.br\/index.php?rest_route=\/wp\/v2\/posts\/24359\/revisions"}],"predecessor-version":[{"id":24361,"href":"https:\/\/diadianoticias.com.br\/index.php?rest_route=\/wp\/v2\/posts\/24359\/revisions\/24361"}],"wp:featuredmedia":[{"embeddable":true,"href":"https:\/\/diadianoticias.com.br\/index.php?rest_route=\/wp\/v2\/media\/24360"}],"wp:attachment":[{"href":"https:\/\/diadianoticias.com.br\/index.php?rest_route=%2Fwp%2Fv2%2Fmedia&parent=24359"}],"wp:term":[{"taxonomy":"category","embeddable":true,"href":"https:\/\/diadianoticias.com.br\/index.php?rest_route=%2Fwp%2Fv2%2Fcategories&post=24359"},{"taxonomy":"post_tag","embeddable":true,"href":"https:\/\/diadianoticias.com.br\/index.php?rest_route=%2Fwp%2Fv2%2Ftags&post=24359"}],"curies":[{"name":"wp","href":"https:\/\/api.w.org\/{rel}","templated":true}]}}