{"id":24275,"date":"2017-10-06T13:31:40","date_gmt":"2017-10-06T13:31:40","guid":{"rendered":"http:\/\/diadianoticias.com.br\/?p=24275"},"modified":"2017-10-06T13:33:45","modified_gmt":"2017-10-06T13:33:45","slug":"prf-apreende-mais-de-65-quilos-de-maconha-em-fundo-falso-de-veiculo","status":"publish","type":"post","link":"https:\/\/diadianoticias.com.br\/?p=24275","title":{"rendered":"PRF apreende mais de 65 quilos de maconha em fundo falso de ve\u00edculo"},"content":{"rendered":"<figure id=\"attachment_24276\" aria-describedby=\"caption-attachment-24276\" style=\"width: 300px\" class=\"wp-caption alignleft\"><a href=\"http:\/\/diadianoticias.com.br\/wp-content\/uploads\/2017\/10\/isli_prf.jpeg\"><img loading=\"lazy\" decoding=\"async\" class=\"wp-image-24276 size-medium\" src=\"http:\/\/diadianoticias.com.br\/wp-content\/uploads\/2017\/10\/isli_prf-300x203.jpeg\" alt=\"\" width=\"300\" height=\"203\" srcset=\"https:\/\/diadianoticias.com.br\/wp-content\/uploads\/2017\/10\/isli_prf-300x203.jpeg 300w, https:\/\/diadianoticias.com.br\/wp-content\/uploads\/2017\/10\/isli_prf.jpeg 620w\" sizes=\"auto, (max-width: 300px) 100vw, 300px\" \/><\/a><figcaption id=\"caption-attachment-24276\" class=\"wp-caption-text\">Foto: PRF<\/figcaption><\/figure>\n<p>A Pol\u00edcia Rodovi\u00e1ria Federal (PRF) apreendeu 66,19 quilos de maconha na noite de quinta-feira (05) em Porto Camargo. A droga era transportada em um Volkswagen Gol com placas de Juiz de Fora, Minas Gerais.<\/p>\n<p>Os agentes da PRF abordaram o ve\u00edculo em fiscaliza\u00e7\u00e3o de rotina na unidade operacional de Porto Camargo, na BR-487, e notaram que o condutor apresentava nervosismo e contradi\u00e7\u00f5es quanto \u00e0 viagem que realizava.<\/p>\n<p>Os policiais rodovi\u00e1rios federais realizaram uma fiscaliza\u00e7\u00e3o avan\u00e7ada e encontraram um fundo falso no porta malas e no painel do ve\u00edculo. Ao conseguirem o acesso ao compartimento, os agentes localizaram 66 tabletes de Maconha, totalizando 66,19 quilos da droga.<\/p>\n<p>Aos agentes da PRF, o condutor de 48 anos, morador de Niter\u00f3i (RJ), informou que o pegou o ve\u00edculo j\u00e1 preparado com a droga no munic\u00edpio de Amambai (MS) e que levaria at\u00e9 o Rio de Janeiro (RJ). Ele foi preso e responder\u00e1 pelo crime de tr\u00e1fico de drogas, que tem pena prevista de 5 a 15 anos de pris\u00e3o.<\/p>\n<p>A ocorr\u00eancia foi encaminhada para a Delegacia de Pol\u00edcia Civil em Xambr\u00ea.<\/p>\n<p>(Fonte: tvcaiu\u00e1.com.br)<\/p>\n","protected":false},"excerpt":{"rendered":"<div class=\"mh-excerpt\"><p>A Pol\u00edcia Rodovi\u00e1ria Federal (PRF) apreendeu 66,19 quilos de maconha na noite de quinta-feira (05) em Porto Camargo. A droga era transportada em um Volkswagen Gol com placas de Juiz de Fora, Minas Gerais. Os <a class=\"mh-excerpt-more\" href=\"https:\/\/diadianoticias.com.br\/?p=24275\" title=\"PRF apreende mais de 65 quilos de maconha em fundo falso de ve\u00edculo\">[&#8230;]<\/a><\/p>\n<\/div>","protected":false},"author":4,"featured_media":24276,"comment_status":"open","ping_status":"open","sticky":false,"template":"","format":"standard","meta":{"footnotes":""},"categories":[8],"tags":[],"class_list":{"0":"post-24275","1":"post","2":"type-post","3":"status-publish","4":"format-standard","5":"has-post-thumbnail","7":"category-regionais"},"_links":{"self":[{"href":"https:\/\/diadianoticias.com.br\/index.php?rest_route=\/wp\/v2\/posts\/24275","targetHints":{"allow":["GET"]}}],"collection":[{"href":"https:\/\/diadianoticias.com.br\/index.php?rest_route=\/wp\/v2\/posts"}],"about":[{"href":"https:\/\/diadianoticias.com.br\/index.php?rest_route=\/wp\/v2\/types\/post"}],"author":[{"embeddable":true,"href":"https:\/\/diadianoticias.com.br\/index.php?rest_route=\/wp\/v2\/users\/4"}],"replies":[{"embeddable":true,"href":"https:\/\/diadianoticias.com.br\/index.php?rest_route=%2Fwp%2Fv2%2Fcomments&post=24275"}],"version-history":[{"count":3,"href":"https:\/\/diadianoticias.com.br\/index.php?rest_route=\/wp\/v2\/posts\/24275\/revisions"}],"predecessor-version":[{"id":24279,"href":"https:\/\/diadianoticias.com.br\/index.php?rest_route=\/wp\/v2\/posts\/24275\/revisions\/24279"}],"wp:featuredmedia":[{"embeddable":true,"href":"https:\/\/diadianoticias.com.br\/index.php?rest_route=\/wp\/v2\/media\/24276"}],"wp:attachment":[{"href":"https:\/\/diadianoticias.com.br\/index.php?rest_route=%2Fwp%2Fv2%2Fmedia&parent=24275"}],"wp:term":[{"taxonomy":"category","embeddable":true,"href":"https:\/\/diadianoticias.com.br\/index.php?rest_route=%2Fwp%2Fv2%2Fcategories&post=24275"},{"taxonomy":"post_tag","embeddable":true,"href":"https:\/\/diadianoticias.com.br\/index.php?rest_route=%2Fwp%2Fv2%2Ftags&post=24275"}],"curies":[{"name":"wp","href":"https:\/\/api.w.org\/{rel}","templated":true}]}}