{"id":21341,"date":"2017-03-06T10:17:27","date_gmt":"2017-03-06T10:17:27","guid":{"rendered":"http:\/\/diadianoticias.com.br\/?p=21341"},"modified":"2017-03-06T10:17:27","modified_gmt":"2017-03-06T10:17:27","slug":"garoto-de-8-anos-e-morto-com-um-tiro-e-suspeito-e-preso-pela-pm","status":"publish","type":"post","link":"https:\/\/diadianoticias.com.br\/?p=21341","title":{"rendered":"Garoto de 8 anos \u00e9 morto com um tiro e suspeito \u00e9 preso pela PM"},"content":{"rendered":"<figure id=\"attachment_21343\" aria-describedby=\"caption-attachment-21343\" style=\"width: 300px\" class=\"wp-caption alignleft\"><a href=\"http:\/\/diadianoticias.com.br\/wp-content\/uploads\/2017\/03\/6148039b-bd0b-4063-b810-d384ada4bee3.jpe\"><img loading=\"lazy\" decoding=\"async\" class=\"size-medium wp-image-21343\" src=\"http:\/\/diadianoticias.com.br\/wp-content\/uploads\/2017\/03\/6148039b-bd0b-4063-b810-d384ada4bee3-300x169.jpe\" alt=\"Foto: Cl\u00e1udio Freitas\" width=\"300\" height=\"169\" srcset=\"https:\/\/diadianoticias.com.br\/wp-content\/uploads\/2017\/03\/6148039b-bd0b-4063-b810-d384ada4bee3-300x169.jpe 300w, https:\/\/diadianoticias.com.br\/wp-content\/uploads\/2017\/03\/6148039b-bd0b-4063-b810-d384ada4bee3-1024x576.jpe 1024w, https:\/\/diadianoticias.com.br\/wp-content\/uploads\/2017\/03\/6148039b-bd0b-4063-b810-d384ada4bee3.jpe 1032w\" sizes=\"auto, (max-width: 300px) 100vw, 300px\" \/><\/a><figcaption id=\"caption-attachment-21343\" class=\"wp-caption-text\">Foto: Cl\u00e1udio Freitas<\/figcaption><\/figure>\n<p style=\"text-align: justify;\">A\u00a0Pol\u00edcia Militar (PM) de Ivaipor\u00e3 (norte do Paran\u00e1) prendeu neste domingo (5), por volta das 16 horas, Jo\u00e3o Nivaldo dos Reis, 44 anos, conhecido como Jo\u00e3o Casc\u00e3o. Ele \u00e9 acusado de matar com um tiro o menino Andr\u00e9 Felipe do Couto Pereira, 8 anos. O crime ocorreu no in\u00edcio da tarde nas margens do C\u00f3rrego Pindauvinha, na Vila Jo\u00e3o XXIII.<\/p>\n<p style=\"text-align: justify;\">A v\u00edtima estava pescando com um amigo da fam\u00edlia, Lucas Ramos, 19 anos, que era o alvo do assassino. Segundo a PM, o\u00a0proj\u00e9til atingiu na altura do ombro direito da crian\u00e7a atravessou o corpo, e saiu do lado esquerdo.<\/p>\n<p style=\"text-align: justify;\">Segundo Lucas, o\u00a0assassino teria disparado por duas vezes de cima da ponte na Rua<\/p>\n<figure id=\"attachment_21345\" aria-describedby=\"caption-attachment-21345\" style=\"width: 300px\" class=\"wp-caption alignright\"><a href=\"http:\/\/diadianoticias.com.br\/wp-content\/uploads\/2017\/03\/tn_8f04b975c9_dsc-00321.jpg\"><img loading=\"lazy\" decoding=\"async\" class=\"size-medium wp-image-21345\" src=\"http:\/\/diadianoticias.com.br\/wp-content\/uploads\/2017\/03\/tn_8f04b975c9_dsc-00321-300x174.jpg\" alt=\"Foto: Ivan Maldonado\" width=\"300\" height=\"174\" srcset=\"https:\/\/diadianoticias.com.br\/wp-content\/uploads\/2017\/03\/tn_8f04b975c9_dsc-00321-300x174.jpg 300w, https:\/\/diadianoticias.com.br\/wp-content\/uploads\/2017\/03\/tn_8f04b975c9_dsc-00321.jpg 690w\" sizes=\"auto, (max-width: 300px) 100vw, 300px\" \/><\/a><figcaption id=\"caption-attachment-21345\" class=\"wp-caption-text\">Foto: Ivan Maldonado<\/figcaption><\/figure>\n<p style=\"text-align: justify;\">Jacarezinho, aproximadamente 10 metros do local onde ocorreu o homic\u00eddio. \u201cEu vi ele chegar e ficar me olhando e falou alguma coisa, em seguida sacou a arma. Nisso eu empurrei o Felipe que estava na minha frente para o canto, e ele (Felipe) caiu embaixo do mato e eu sai correndo\u201d. Lucas disse ainda que foram efetuados pelo menos dois disparos.<\/p>\n<p style=\"text-align: justify;\">De acordo com o tenente Vinicius Castro, o autor dos disparos foi detido por um policial militar que estava de folga. \u201cJ\u00e1 t\u00ednhamos ido at\u00e9 a casa dele e est\u00e1vamos em dilig\u00eancias. A\u00ed um policial (\u00a0F\u00e1bio Rubin\u00a0Gon\u00e7alves) \u00a0que mora pr\u00f3ximo a casa do Jo\u00e3o Casc\u00e3o o encontrou \u00a0zanzando na rua, e deu voz de pris\u00e3o\u201d, relata Castro.<\/p>\n<p style=\"text-align: justify;\"><strong>Confiss\u00e3o<\/strong><\/p>\n<figure id=\"attachment_21342\" aria-describedby=\"caption-attachment-21342\" style=\"width: 300px\" class=\"wp-caption alignleft\"><a href=\"http:\/\/diadianoticias.com.br\/wp-content\/uploads\/2017\/03\/58911eac-92c1-45e1-84ab-a107b99c595d.jpe\"><img loading=\"lazy\" decoding=\"async\" class=\"size-medium wp-image-21342\" src=\"http:\/\/diadianoticias.com.br\/wp-content\/uploads\/2017\/03\/58911eac-92c1-45e1-84ab-a107b99c595d-300x169.jpe\" alt=\"Foto: Cl\u00e1udio Freitas\" width=\"300\" height=\"169\" srcset=\"https:\/\/diadianoticias.com.br\/wp-content\/uploads\/2017\/03\/58911eac-92c1-45e1-84ab-a107b99c595d-300x169.jpe 300w, https:\/\/diadianoticias.com.br\/wp-content\/uploads\/2017\/03\/58911eac-92c1-45e1-84ab-a107b99c595d-1024x576.jpe 1024w, https:\/\/diadianoticias.com.br\/wp-content\/uploads\/2017\/03\/58911eac-92c1-45e1-84ab-a107b99c595d.jpe 1032w\" sizes=\"auto, (max-width: 300px) 100vw, 300px\" \/><\/a><figcaption id=\"caption-attachment-21342\" class=\"wp-caption-text\">Foto: Cl\u00e1udio Freitas<\/figcaption><\/figure>\n<p style=\"text-align: justify;\">Ainda segundo tenente Castro, o\u00a0detido confessou o crime. \u201cEle assumiu a autoria do delito e alega que os tiros eram para matar o Lucas com quem ele teve um desentendimento no final do ano passado\u201d, assinala Castro. O detido disse para a PM que jogou a arma dentro do Lago das Flores.<\/p>\n<p style=\"text-align: justify;\">O delegado Gustavo Dante diz que o detido foi autuado por homic\u00eddio duplamente qualificado. \u201cNo decorrer do inqu\u00e9rito vamos apurar alguns fatos que levou a motiva\u00e7\u00e3o do crime. Possivelmente foi uma desaven\u00e7a, mas vamos aprofundar as investiga\u00e7\u00f5es\u201d, completa Dante.<\/p>\n<p>(Informa\u00e7\u00f5es e fotos: <a href=\"http:\/\/www.tnonline.com.br\">www.tnonline.com.br<\/a> \/ Ivan Maldonado)<\/p>\n","protected":false},"excerpt":{"rendered":"<div class=\"mh-excerpt\"><p>A\u00a0Pol\u00edcia Militar (PM) de Ivaipor\u00e3 (norte do Paran\u00e1) prendeu neste domingo (5), por volta das 16 horas, Jo\u00e3o Nivaldo dos Reis, 44 anos, conhecido como Jo\u00e3o Casc\u00e3o. Ele \u00e9 acusado de matar com um tiro <a class=\"mh-excerpt-more\" href=\"https:\/\/diadianoticias.com.br\/?p=21341\" title=\"Garoto de 8 anos \u00e9 morto com um tiro e suspeito \u00e9 preso pela PM\">[&#8230;]<\/a><\/p>\n<\/div>","protected":false},"author":4,"featured_media":21344,"comment_status":"open","ping_status":"open","sticky":false,"template":"","format":"standard","meta":{"footnotes":""},"categories":[14],"tags":[],"class_list":{"0":"post-21341","1":"post","2":"type-post","3":"status-publish","4":"format-standard","5":"has-post-thumbnail","7":"category-paran"},"_links":{"self":[{"href":"https:\/\/diadianoticias.com.br\/index.php?rest_route=\/wp\/v2\/posts\/21341","targetHints":{"allow":["GET"]}}],"collection":[{"href":"https:\/\/diadianoticias.com.br\/index.php?rest_route=\/wp\/v2\/posts"}],"about":[{"href":"https:\/\/diadianoticias.com.br\/index.php?rest_route=\/wp\/v2\/types\/post"}],"author":[{"embeddable":true,"href":"https:\/\/diadianoticias.com.br\/index.php?rest_route=\/wp\/v2\/users\/4"}],"replies":[{"embeddable":true,"href":"https:\/\/diadianoticias.com.br\/index.php?rest_route=%2Fwp%2Fv2%2Fcomments&post=21341"}],"version-history":[{"count":1,"href":"https:\/\/diadianoticias.com.br\/index.php?rest_route=\/wp\/v2\/posts\/21341\/revisions"}],"predecessor-version":[{"id":21346,"href":"https:\/\/diadianoticias.com.br\/index.php?rest_route=\/wp\/v2\/posts\/21341\/revisions\/21346"}],"wp:featuredmedia":[{"embeddable":true,"href":"https:\/\/diadianoticias.com.br\/index.php?rest_route=\/wp\/v2\/media\/21344"}],"wp:attachment":[{"href":"https:\/\/diadianoticias.com.br\/index.php?rest_route=%2Fwp%2Fv2%2Fmedia&parent=21341"}],"wp:term":[{"taxonomy":"category","embeddable":true,"href":"https:\/\/diadianoticias.com.br\/index.php?rest_route=%2Fwp%2Fv2%2Fcategories&post=21341"},{"taxonomy":"post_tag","embeddable":true,"href":"https:\/\/diadianoticias.com.br\/index.php?rest_route=%2Fwp%2Fv2%2Ftags&post=21341"}],"curies":[{"name":"wp","href":"https:\/\/api.w.org\/{rel}","templated":true}]}}