{"id":21305,"date":"2017-03-02T11:17:43","date_gmt":"2017-03-02T11:17:43","guid":{"rendered":"http:\/\/diadianoticias.com.br\/?p=21305"},"modified":"2017-03-02T11:17:43","modified_gmt":"2017-03-02T11:17:43","slug":"policia-militar-apreende-maconha-em-veiculo-em-cianorte","status":"publish","type":"post","link":"https:\/\/diadianoticias.com.br\/?p=21305","title":{"rendered":"Pol\u00edcia Militar apreende maconha em ve\u00edculo em Cianorte"},"content":{"rendered":"<p style=\"text-align: justify;\"><a href=\"http:\/\/diadianoticias.com.br\/wp-content\/uploads\/2017\/03\/drog03.jpg\"><img loading=\"lazy\" decoding=\"async\" class=\"alignleft size-medium wp-image-21308\" src=\"http:\/\/diadianoticias.com.br\/wp-content\/uploads\/2017\/03\/drog03-300x184.jpg\" alt=\"drog03\" width=\"300\" height=\"184\" srcset=\"https:\/\/diadianoticias.com.br\/wp-content\/uploads\/2017\/03\/drog03-300x184.jpg 300w, https:\/\/diadianoticias.com.br\/wp-content\/uploads\/2017\/03\/drog03-1024x628.jpg 1024w, https:\/\/diadianoticias.com.br\/wp-content\/uploads\/2017\/03\/drog03.jpg 1113w\" sizes=\"auto, (max-width: 300px) 100vw, 300px\" \/><\/a>Policiais Militares de Cianorte prenderam um homem e apreenderam dois adolescentes, ap\u00f3s encontrarem maconha no ve\u00edculo em que eles estavam. O caso foi registrado por volta das 01h00min, na Avenida Amazonas, pr\u00f3ximo \u00e0 Pra\u00e7a Ol\u00edmpica.<\/p>\n<p style=\"text-align: justify;\">A equipe policial estava em patrulhamento pela avenida, quando avistou um ve\u00edculo VW\/ Gol, de cor cinza, com placas de Cidade Ga\u00facha-PR, em atitude suspeita.<\/p>\n<p style=\"text-align: justify;\">Ao realizar a abordagem, foi identificado como condutor do ve\u00edculo, um homem de 30 anos, tendo como passageiros, um adolescente de 16 anos e sua irm\u00e3, tamb\u00e9m adolescente,<a href=\"http:\/\/diadianoticias.com.br\/wp-content\/uploads\/2017\/03\/drog02.jpg\"><img loading=\"lazy\" decoding=\"async\" class=\"alignright size-medium wp-image-21306\" src=\"http:\/\/diadianoticias.com.br\/wp-content\/uploads\/2017\/03\/drog02-300x150.jpg\" alt=\"drog02\" width=\"300\" height=\"150\" srcset=\"https:\/\/diadianoticias.com.br\/wp-content\/uploads\/2017\/03\/drog02-300x150.jpg 300w, https:\/\/diadianoticias.com.br\/wp-content\/uploads\/2017\/03\/drog02-1024x512.jpg 1024w, https:\/\/diadianoticias.com.br\/wp-content\/uploads\/2017\/03\/drog02.jpg 1051w\" sizes=\"auto, (max-width: 300px) 100vw, 300px\" \/><\/a> de 17. Ao realizar busca pessoal nos rapazes, nada de il\u00edcito foi encontrado e, aparentemente, nada de il\u00edcito havia com a menor.<\/p>\n<p style=\"text-align: justify;\">Ap\u00f3s realizar uma busca no interior do ve\u00edculo, os policiais localizaram embaixo do banco do motorista, uma por\u00e7\u00e3o de maconha, envolta em pl\u00e1stico de cor preta, pesando aproximadamente 65 gramas.<\/p>\n<p style=\"text-align: justify;\"><a href=\"http:\/\/diadianoticias.com.br\/wp-content\/uploads\/2017\/03\/drog01.jpg\"><img loading=\"lazy\" decoding=\"async\" class=\"alignleft size-medium wp-image-21307\" src=\"http:\/\/diadianoticias.com.br\/wp-content\/uploads\/2017\/03\/drog01-300x167.jpg\" alt=\"drog01\" width=\"300\" height=\"167\" srcset=\"https:\/\/diadianoticias.com.br\/wp-content\/uploads\/2017\/03\/drog01-300x167.jpg 300w, https:\/\/diadianoticias.com.br\/wp-content\/uploads\/2017\/03\/drog01-1024x569.jpg 1024w, https:\/\/diadianoticias.com.br\/wp-content\/uploads\/2017\/03\/drog01.jpg 1188w\" sizes=\"auto, (max-width: 300px) 100vw, 300px\" \/><\/a>Quando indagado aos abordados sobre a proced\u00eancia da subst\u00e2ncia e qual deles seria o propriet\u00e1rio, todos afirmaram n\u00e3o saber que a droga encontrava-se no ve\u00edculo e tamb\u00e9m que nenhum deles era propriet\u00e1rio.<\/p>\n<p style=\"text-align: justify;\">Diante dos fatos, foi dado voz de pris\u00e3o e apreens\u00e3o aos indiv\u00edduos e encaminhados \u00e0 21\u00aa Subdivis\u00e3o Policial de Cianorte.<\/p>\n","protected":false},"excerpt":{"rendered":"<div class=\"mh-excerpt\"><p>Policiais Militares de Cianorte prenderam um homem e apreenderam dois adolescentes, ap\u00f3s encontrarem maconha no ve\u00edculo em que eles estavam. O caso foi registrado por volta das 01h00min, na Avenida Amazonas, pr\u00f3ximo \u00e0 Pra\u00e7a Ol\u00edmpica. <a class=\"mh-excerpt-more\" href=\"https:\/\/diadianoticias.com.br\/?p=21305\" title=\"Pol\u00edcia Militar apreende maconha em ve\u00edculo em Cianorte\">[&#8230;]<\/a><\/p>\n<\/div>","protected":false},"author":4,"featured_media":21308,"comment_status":"open","ping_status":"open","sticky":false,"template":"","format":"standard","meta":{"footnotes":""},"categories":[5],"tags":[],"class_list":{"0":"post-21305","1":"post","2":"type-post","3":"status-publish","4":"format-standard","5":"has-post-thumbnail","7":"category-policiais"},"_links":{"self":[{"href":"https:\/\/diadianoticias.com.br\/index.php?rest_route=\/wp\/v2\/posts\/21305","targetHints":{"allow":["GET"]}}],"collection":[{"href":"https:\/\/diadianoticias.com.br\/index.php?rest_route=\/wp\/v2\/posts"}],"about":[{"href":"https:\/\/diadianoticias.com.br\/index.php?rest_route=\/wp\/v2\/types\/post"}],"author":[{"embeddable":true,"href":"https:\/\/diadianoticias.com.br\/index.php?rest_route=\/wp\/v2\/users\/4"}],"replies":[{"embeddable":true,"href":"https:\/\/diadianoticias.com.br\/index.php?rest_route=%2Fwp%2Fv2%2Fcomments&post=21305"}],"version-history":[{"count":1,"href":"https:\/\/diadianoticias.com.br\/index.php?rest_route=\/wp\/v2\/posts\/21305\/revisions"}],"predecessor-version":[{"id":21309,"href":"https:\/\/diadianoticias.com.br\/index.php?rest_route=\/wp\/v2\/posts\/21305\/revisions\/21309"}],"wp:featuredmedia":[{"embeddable":true,"href":"https:\/\/diadianoticias.com.br\/index.php?rest_route=\/wp\/v2\/media\/21308"}],"wp:attachment":[{"href":"https:\/\/diadianoticias.com.br\/index.php?rest_route=%2Fwp%2Fv2%2Fmedia&parent=21305"}],"wp:term":[{"taxonomy":"category","embeddable":true,"href":"https:\/\/diadianoticias.com.br\/index.php?rest_route=%2Fwp%2Fv2%2Fcategories&post=21305"},{"taxonomy":"post_tag","embeddable":true,"href":"https:\/\/diadianoticias.com.br\/index.php?rest_route=%2Fwp%2Fv2%2Ftags&post=21305"}],"curies":[{"name":"wp","href":"https:\/\/api.w.org\/{rel}","templated":true}]}}