{"id":21289,"date":"2017-03-01T11:07:34","date_gmt":"2017-03-01T11:07:34","guid":{"rendered":"http:\/\/diadianoticias.com.br\/?p=21289"},"modified":"2017-03-01T11:07:34","modified_gmt":"2017-03-01T11:07:34","slug":"adolescente-morre-em-acidente-na-vespera-de-seu-aniversario","status":"publish","type":"post","link":"https:\/\/diadianoticias.com.br\/?p=21289","title":{"rendered":"Adolescente morre em acidente na v\u00e9spera de seu anivers\u00e1rio"},"content":{"rendered":"<figure id=\"attachment_21291\" aria-describedby=\"caption-attachment-21291\" style=\"width: 300px\" class=\"wp-caption alignleft\"><a href=\"http:\/\/diadianoticias.com.br\/wp-content\/uploads\/2017\/03\/FIORI.jpg\"><img loading=\"lazy\" decoding=\"async\" class=\"size-medium wp-image-21291\" src=\"http:\/\/diadianoticias.com.br\/wp-content\/uploads\/2017\/03\/FIORI-300x253.jpg\" alt=\"Foto: Goionews\" width=\"300\" height=\"253\" srcset=\"https:\/\/diadianoticias.com.br\/wp-content\/uploads\/2017\/03\/FIORI-300x253.jpg 300w, https:\/\/diadianoticias.com.br\/wp-content\/uploads\/2017\/03\/FIORI.jpg 570w\" sizes=\"auto, (max-width: 300px) 100vw, 300px\" \/><\/a><figcaption id=\"caption-attachment-21291\" class=\"wp-caption-text\">Foto: Goionews<\/figcaption><\/figure>\n<p>Uma adolescente de apenas 16 anos morreu na madrugada desta ter\u00e7a-feira (28), na PR-479, em Tuneiras do Oeste. O ve\u00edculo onde ela estava com o namorado, um Fiat Strada, capotou.<\/p>\n<p>De acordo com as informa\u00e7\u00f5es, o acidente aconteceu na v\u00e9spera do anivers\u00e1rio da jovem.<\/p>\n<p>A adolescente completaria 17 anos nesta quarta-feira (1\u00ba). O namorado da v\u00edtima<\/p>\n<figure id=\"attachment_21290\" aria-describedby=\"caption-attachment-21290\" style=\"width: 300px\" class=\"wp-caption alignright\"><a href=\"http:\/\/diadianoticias.com.br\/wp-content\/uploads\/2017\/03\/lg-0695bc2c-a908-4e21-b45e-5e660328477a-1.jpg\"><img loading=\"lazy\" decoding=\"async\" class=\"size-medium wp-image-21290\" src=\"http:\/\/diadianoticias.com.br\/wp-content\/uploads\/2017\/03\/lg-0695bc2c-a908-4e21-b45e-5e660328477a-1-300x166.jpg\" alt=\"Foto: Reprodu\u00e7\u00e3o Facebook\" width=\"300\" height=\"166\" srcset=\"https:\/\/diadianoticias.com.br\/wp-content\/uploads\/2017\/03\/lg-0695bc2c-a908-4e21-b45e-5e660328477a-1-300x166.jpg 300w, https:\/\/diadianoticias.com.br\/wp-content\/uploads\/2017\/03\/lg-0695bc2c-a908-4e21-b45e-5e660328477a-1.jpg 961w\" sizes=\"auto, (max-width: 300px) 100vw, 300px\" \/><\/a><figcaption id=\"caption-attachment-21290\" class=\"wp-caption-text\">Foto: Reprodu\u00e7\u00e3o Facebook<\/figcaption><\/figure>\n<p>teve ferimentos moderados e ap\u00f3s ser socorrido, foi conduzido at\u00e9 o Hospital Santa Casa de Cianorte.<\/p>\n<p><em>(Informa\u00e7\u00f5es: www.umuaramanews.com.br \/ www.massanews.com)<\/em><\/p>\n","protected":false},"excerpt":{"rendered":"<div class=\"mh-excerpt\"><p>Uma adolescente de apenas 16 anos morreu na madrugada desta ter\u00e7a-feira (28), na PR-479, em Tuneiras do Oeste. O ve\u00edculo onde ela estava com o namorado, um Fiat Strada, capotou. De acordo com as informa\u00e7\u00f5es, <a class=\"mh-excerpt-more\" href=\"https:\/\/diadianoticias.com.br\/?p=21289\" title=\"Adolescente morre em acidente na v\u00e9spera de seu anivers\u00e1rio\">[&#8230;]<\/a><\/p>\n<\/div>","protected":false},"author":4,"featured_media":21290,"comment_status":"open","ping_status":"open","sticky":false,"template":"","format":"standard","meta":{"footnotes":""},"categories":[14],"tags":[],"class_list":{"0":"post-21289","1":"post","2":"type-post","3":"status-publish","4":"format-standard","5":"has-post-thumbnail","7":"category-paran"},"_links":{"self":[{"href":"https:\/\/diadianoticias.com.br\/index.php?rest_route=\/wp\/v2\/posts\/21289","targetHints":{"allow":["GET"]}}],"collection":[{"href":"https:\/\/diadianoticias.com.br\/index.php?rest_route=\/wp\/v2\/posts"}],"about":[{"href":"https:\/\/diadianoticias.com.br\/index.php?rest_route=\/wp\/v2\/types\/post"}],"author":[{"embeddable":true,"href":"https:\/\/diadianoticias.com.br\/index.php?rest_route=\/wp\/v2\/users\/4"}],"replies":[{"embeddable":true,"href":"https:\/\/diadianoticias.com.br\/index.php?rest_route=%2Fwp%2Fv2%2Fcomments&post=21289"}],"version-history":[{"count":1,"href":"https:\/\/diadianoticias.com.br\/index.php?rest_route=\/wp\/v2\/posts\/21289\/revisions"}],"predecessor-version":[{"id":21292,"href":"https:\/\/diadianoticias.com.br\/index.php?rest_route=\/wp\/v2\/posts\/21289\/revisions\/21292"}],"wp:featuredmedia":[{"embeddable":true,"href":"https:\/\/diadianoticias.com.br\/index.php?rest_route=\/wp\/v2\/media\/21290"}],"wp:attachment":[{"href":"https:\/\/diadianoticias.com.br\/index.php?rest_route=%2Fwp%2Fv2%2Fmedia&parent=21289"}],"wp:term":[{"taxonomy":"category","embeddable":true,"href":"https:\/\/diadianoticias.com.br\/index.php?rest_route=%2Fwp%2Fv2%2Fcategories&post=21289"},{"taxonomy":"post_tag","embeddable":true,"href":"https:\/\/diadianoticias.com.br\/index.php?rest_route=%2Fwp%2Fv2%2Ftags&post=21289"}],"curies":[{"name":"wp","href":"https:\/\/api.w.org\/{rel}","templated":true}]}}