{"id":21254,"date":"2017-02-27T17:33:12","date_gmt":"2017-02-27T17:33:12","guid":{"rendered":"http:\/\/diadianoticias.com.br\/?p=21254"},"modified":"2017-02-27T17:33:12","modified_gmt":"2017-02-27T17:33:12","slug":"dois-homicidios-em-um-intervalo-de-poucas-horas-em-sarandi","status":"publish","type":"post","link":"https:\/\/diadianoticias.com.br\/?p=21254","title":{"rendered":"Dois homic\u00eddios em um intervalo de poucas horas em Sarandi"},"content":{"rendered":"<figure id=\"attachment_21256\" aria-describedby=\"caption-attachment-21256\" style=\"width: 300px\" class=\"wp-caption alignleft\"><a href=\"http:\/\/diadianoticias.com.br\/wp-content\/uploads\/2017\/02\/lg-14414b72-3fdc-46cc-a7e3-ff2d777fbfbd.jpg\"><img loading=\"lazy\" decoding=\"async\" class=\"size-medium wp-image-21256\" src=\"http:\/\/diadianoticias.com.br\/wp-content\/uploads\/2017\/02\/lg-14414b72-3fdc-46cc-a7e3-ff2d777fbfbd-300x166.jpg\" alt=\"Foto: Colabora\u00e7\u00e3o\" width=\"300\" height=\"166\" srcset=\"https:\/\/diadianoticias.com.br\/wp-content\/uploads\/2017\/02\/lg-14414b72-3fdc-46cc-a7e3-ff2d777fbfbd-300x166.jpg 300w, https:\/\/diadianoticias.com.br\/wp-content\/uploads\/2017\/02\/lg-14414b72-3fdc-46cc-a7e3-ff2d777fbfbd.jpg 961w\" sizes=\"auto, (max-width: 300px) 100vw, 300px\" \/><\/a><figcaption id=\"caption-attachment-21256\" class=\"wp-caption-text\">Foto: Colabora\u00e7\u00e3o<\/figcaption><\/figure>\n<p style=\"text-align: justify;\">A Pol\u00edcia Militar de Sarandi atendeu a dois homic\u00eddios na noite deste domingo (26). O primeiro caso aconteceu na Avenida Rio de Janeiro, no Jardim Independ\u00eancia. Um jovem de 22 anos foi baleado enquanto sa\u00eda de uma pizzaria.<\/p>\n<p style=\"text-align: justify;\">O outro assassinato foi registrado na rua Camapu\u00e3, no Jardim Esperan\u00e7a. Um homem de 27 anos foi baleado diversas<\/p>\n<figure id=\"attachment_21255\" aria-describedby=\"caption-attachment-21255\" style=\"width: 300px\" class=\"wp-caption alignright\"><a href=\"http:\/\/diadianoticias.com.br\/wp-content\/uploads\/2017\/02\/e272253e-e316-422e-a1f1-4e306db7a9fb.jpe\"><img loading=\"lazy\" decoding=\"async\" class=\"size-medium wp-image-21255\" src=\"http:\/\/diadianoticias.com.br\/wp-content\/uploads\/2017\/02\/e272253e-e316-422e-a1f1-4e306db7a9fb-300x169.jpe\" alt=\"Foto: Plant\u00e3o Maring\u00e1\" width=\"300\" height=\"169\" srcset=\"https:\/\/diadianoticias.com.br\/wp-content\/uploads\/2017\/02\/e272253e-e316-422e-a1f1-4e306db7a9fb-300x169.jpe 300w, https:\/\/diadianoticias.com.br\/wp-content\/uploads\/2017\/02\/e272253e-e316-422e-a1f1-4e306db7a9fb-1024x576.jpe 1024w, https:\/\/diadianoticias.com.br\/wp-content\/uploads\/2017\/02\/e272253e-e316-422e-a1f1-4e306db7a9fb.jpe 1152w\" sizes=\"auto, (max-width: 300px) 100vw, 300px\" \/><\/a><figcaption id=\"caption-attachment-21255\" class=\"wp-caption-text\">Foto: Plant\u00e3o Maring\u00e1<\/figcaption><\/figure>\n<p style=\"text-align: justify;\">vezes e morreu no local. Os suspeitos teriam se aproximado da v\u00edtima de bicicleta.<\/p>\n<p style=\"text-align: justify;\">Os autores dos dois homic\u00eddios n\u00e3o foram identificados.<\/p>\n<p><em>(Informa\u00e7\u00f5es e fotos: <a href=\"http:\/\/www.massanews.com\">www.massanews.com<\/a> \/ Rede Massa)<\/em><\/p>\n","protected":false},"excerpt":{"rendered":"<div class=\"mh-excerpt\"><p>A Pol\u00edcia Militar de Sarandi atendeu a dois homic\u00eddios na noite deste domingo (26). O primeiro caso aconteceu na Avenida Rio de Janeiro, no Jardim Independ\u00eancia. Um jovem de 22 anos foi baleado enquanto sa\u00eda <a class=\"mh-excerpt-more\" href=\"https:\/\/diadianoticias.com.br\/?p=21254\" title=\"Dois homic\u00eddios em um intervalo de poucas horas em Sarandi\">[&#8230;]<\/a><\/p>\n<\/div>","protected":false},"author":4,"featured_media":21256,"comment_status":"open","ping_status":"open","sticky":false,"template":"","format":"standard","meta":{"footnotes":""},"categories":[8],"tags":[],"class_list":{"0":"post-21254","1":"post","2":"type-post","3":"status-publish","4":"format-standard","5":"has-post-thumbnail","7":"category-regionais"},"_links":{"self":[{"href":"https:\/\/diadianoticias.com.br\/index.php?rest_route=\/wp\/v2\/posts\/21254","targetHints":{"allow":["GET"]}}],"collection":[{"href":"https:\/\/diadianoticias.com.br\/index.php?rest_route=\/wp\/v2\/posts"}],"about":[{"href":"https:\/\/diadianoticias.com.br\/index.php?rest_route=\/wp\/v2\/types\/post"}],"author":[{"embeddable":true,"href":"https:\/\/diadianoticias.com.br\/index.php?rest_route=\/wp\/v2\/users\/4"}],"replies":[{"embeddable":true,"href":"https:\/\/diadianoticias.com.br\/index.php?rest_route=%2Fwp%2Fv2%2Fcomments&post=21254"}],"version-history":[{"count":1,"href":"https:\/\/diadianoticias.com.br\/index.php?rest_route=\/wp\/v2\/posts\/21254\/revisions"}],"predecessor-version":[{"id":21257,"href":"https:\/\/diadianoticias.com.br\/index.php?rest_route=\/wp\/v2\/posts\/21254\/revisions\/21257"}],"wp:featuredmedia":[{"embeddable":true,"href":"https:\/\/diadianoticias.com.br\/index.php?rest_route=\/wp\/v2\/media\/21256"}],"wp:attachment":[{"href":"https:\/\/diadianoticias.com.br\/index.php?rest_route=%2Fwp%2Fv2%2Fmedia&parent=21254"}],"wp:term":[{"taxonomy":"category","embeddable":true,"href":"https:\/\/diadianoticias.com.br\/index.php?rest_route=%2Fwp%2Fv2%2Fcategories&post=21254"},{"taxonomy":"post_tag","embeddable":true,"href":"https:\/\/diadianoticias.com.br\/index.php?rest_route=%2Fwp%2Fv2%2Ftags&post=21254"}],"curies":[{"name":"wp","href":"https:\/\/api.w.org\/{rel}","templated":true}]}}