{"id":21247,"date":"2017-02-26T21:07:10","date_gmt":"2017-02-26T21:07:10","guid":{"rendered":"http:\/\/diadianoticias.com.br\/?p=21247"},"modified":"2017-02-26T21:07:10","modified_gmt":"2017-02-26T21:07:10","slug":"jovem-de-18-anos-e-assassinado-com-tiros-na-cabeca-na-tarde-deste-domingo","status":"publish","type":"post","link":"https:\/\/diadianoticias.com.br\/?p=21247","title":{"rendered":"Jovem de 18 anos \u00e9 assassinado com tiros na cabe\u00e7a na tarde deste domingo"},"content":{"rendered":"<p style=\"text-align: justify;\"><a href=\"http:\/\/diadianoticias.com.br\/wp-content\/uploads\/2017\/02\/mariluz_001.jpeg\"><img loading=\"lazy\" decoding=\"async\" class=\"alignleft size-medium wp-image-21248\" src=\"http:\/\/diadianoticias.com.br\/wp-content\/uploads\/2017\/02\/mariluz_001-300x161.jpeg\" alt=\"mariluz_001\" width=\"300\" height=\"161\" srcset=\"https:\/\/diadianoticias.com.br\/wp-content\/uploads\/2017\/02\/mariluz_001-300x161.jpeg 300w, https:\/\/diadianoticias.com.br\/wp-content\/uploads\/2017\/02\/mariluz_001.jpeg 728w\" sizes=\"auto, (max-width: 300px) 100vw, 300px\" \/><\/a>Um jovem de 18 anos foi executado com tiros na cabe\u00e7a na tarde deste domingo (26) em sua resid\u00eancia. O crime ocorreu por volta das 14h00hrs, em Mariluz-PR.<\/p>\n<p style=\"text-align: justify;\">Segundo as informa\u00e7\u00f5es,\u00a0o jovem\u00a0Cleiton Vinicius Izidorio de Oliveira, 18 anos,\u00a0foi morto ap\u00f3s uma pessoa\u00a0armada\u00a0se aproximar da casa onde reside e disparar v\u00e1rias vezes. Ao todo foram mais de 06 disparos que atingiram a cabe\u00e7a da v\u00edtima.<\/p>\n<p style=\"text-align: justify;\">Policiais Militares do destacamento de Mariluz foram acionados para atender a disparos<a href=\"http:\/\/diadianoticias.com.br\/wp-content\/uploads\/2017\/02\/mariluz_002.jpeg\"><img loading=\"lazy\" decoding=\"async\" class=\"alignright size-medium wp-image-21249\" src=\"http:\/\/diadianoticias.com.br\/wp-content\/uploads\/2017\/02\/mariluz_002-227x300.jpeg\" alt=\"mariluz_002\" width=\"227\" height=\"300\" srcset=\"https:\/\/diadianoticias.com.br\/wp-content\/uploads\/2017\/02\/mariluz_002-227x300.jpeg 227w, https:\/\/diadianoticias.com.br\/wp-content\/uploads\/2017\/02\/mariluz_002.jpeg 397w\" sizes=\"auto, (max-width: 227px) 100vw, 227px\" \/><\/a> de arma e ao chegarem no local se depararam com um jovem ca\u00eddo ao ch\u00e3o.<\/p>\n<p style=\"text-align: justify;\">Equipes de socorro chegaram a ser acionadas, mas apenas constataram o \u00f3bito.<\/p>\n<p style=\"text-align: justify;\">O corpo foi recolhido e encaminhado ao IML de Umuarama para exames de necropsia.<\/p>\n<p style=\"text-align: justify;\">A Pol\u00edcia Civil realizou levantamento no local para tentar identificar o autor do crime.<\/p>\n<p style=\"text-align: justify;\"><em>(Informa\u00e7\u00f5es e foto: <a href=\"http:\/\/www.mariluz.cidadeportal.com.br\">www.mariluz.cidadeportal.com.br<\/a> )<\/em><\/p>\n","protected":false},"excerpt":{"rendered":"<div class=\"mh-excerpt\"><p>Um jovem de 18 anos foi executado com tiros na cabe\u00e7a na tarde deste domingo (26) em sua resid\u00eancia. O crime ocorreu por volta das 14h00hrs, em Mariluz-PR. Segundo as informa\u00e7\u00f5es,\u00a0o jovem\u00a0Cleiton Vinicius Izidorio de <a class=\"mh-excerpt-more\" href=\"https:\/\/diadianoticias.com.br\/?p=21247\" title=\"Jovem de 18 anos \u00e9 assassinado com tiros na cabe\u00e7a na tarde deste domingo\">[&#8230;]<\/a><\/p>\n<\/div>","protected":false},"author":4,"featured_media":21248,"comment_status":"open","ping_status":"open","sticky":false,"template":"","format":"standard","meta":{"footnotes":""},"categories":[5],"tags":[],"class_list":{"0":"post-21247","1":"post","2":"type-post","3":"status-publish","4":"format-standard","5":"has-post-thumbnail","7":"category-policiais"},"_links":{"self":[{"href":"https:\/\/diadianoticias.com.br\/index.php?rest_route=\/wp\/v2\/posts\/21247","targetHints":{"allow":["GET"]}}],"collection":[{"href":"https:\/\/diadianoticias.com.br\/index.php?rest_route=\/wp\/v2\/posts"}],"about":[{"href":"https:\/\/diadianoticias.com.br\/index.php?rest_route=\/wp\/v2\/types\/post"}],"author":[{"embeddable":true,"href":"https:\/\/diadianoticias.com.br\/index.php?rest_route=\/wp\/v2\/users\/4"}],"replies":[{"embeddable":true,"href":"https:\/\/diadianoticias.com.br\/index.php?rest_route=%2Fwp%2Fv2%2Fcomments&post=21247"}],"version-history":[{"count":1,"href":"https:\/\/diadianoticias.com.br\/index.php?rest_route=\/wp\/v2\/posts\/21247\/revisions"}],"predecessor-version":[{"id":21250,"href":"https:\/\/diadianoticias.com.br\/index.php?rest_route=\/wp\/v2\/posts\/21247\/revisions\/21250"}],"wp:featuredmedia":[{"embeddable":true,"href":"https:\/\/diadianoticias.com.br\/index.php?rest_route=\/wp\/v2\/media\/21248"}],"wp:attachment":[{"href":"https:\/\/diadianoticias.com.br\/index.php?rest_route=%2Fwp%2Fv2%2Fmedia&parent=21247"}],"wp:term":[{"taxonomy":"category","embeddable":true,"href":"https:\/\/diadianoticias.com.br\/index.php?rest_route=%2Fwp%2Fv2%2Fcategories&post=21247"},{"taxonomy":"post_tag","embeddable":true,"href":"https:\/\/diadianoticias.com.br\/index.php?rest_route=%2Fwp%2Fv2%2Ftags&post=21247"}],"curies":[{"name":"wp","href":"https:\/\/api.w.org\/{rel}","templated":true}]}}