{"id":21243,"date":"2017-02-26T20:41:42","date_gmt":"2017-02-26T20:41:42","guid":{"rendered":"http:\/\/diadianoticias.com.br\/?p=21243"},"modified":"2017-02-26T20:41:42","modified_gmt":"2017-02-26T20:41:42","slug":"empresario-e-preso-acusado-de-abusar-de-sete-criancas","status":"publish","type":"post","link":"https:\/\/diadianoticias.com.br\/?p=21243","title":{"rendered":"Empres\u00e1rio \u00e9 preso acusado de abusar de sete crian\u00e7as"},"content":{"rendered":"<p style=\"text-align: justify;\"><a href=\"http:\/\/diadianoticias.com.br\/wp-content\/uploads\/2017\/02\/lg-e0195e30-76d5-49c1-b376-9a52dfeb0f8d-1.jpg\"><img loading=\"lazy\" decoding=\"async\" class=\"alignleft size-medium wp-image-21244\" src=\"http:\/\/diadianoticias.com.br\/wp-content\/uploads\/2017\/02\/lg-e0195e30-76d5-49c1-b376-9a52dfeb0f8d-1-300x166.jpg\" alt=\"lg-e0195e30-76d5-49c1-b376-9a52dfeb0f8d (1)\" width=\"300\" height=\"166\" srcset=\"https:\/\/diadianoticias.com.br\/wp-content\/uploads\/2017\/02\/lg-e0195e30-76d5-49c1-b376-9a52dfeb0f8d-1-300x166.jpg 300w, https:\/\/diadianoticias.com.br\/wp-content\/uploads\/2017\/02\/lg-e0195e30-76d5-49c1-b376-9a52dfeb0f8d-1.jpg 961w\" sizes=\"auto, (max-width: 300px) 100vw, 300px\" \/><\/a>Um empres\u00e1rio de Sarandi foi preso pela Pol\u00edcia Civil sob a acusa\u00e7\u00e3o de ter abusado sexualmente de sete crian\u00e7as. As v\u00edtimas, conforme as informa\u00e7\u00f5es, tinham no m\u00e1ximo 11 anos.<\/p>\n<p style=\"text-align: justify;\">De acordo com o que foi divulgado, o empres\u00e1rio negou que tenha cometido os crimes, no entanto, as provas materiais revelam o contr\u00e1rio. A pol\u00edcia conseguiu comprovar que o homem aliciava as v\u00edtimas com doces e oferta de dinheiro.<\/p>\n<p style=\"text-align: justify;\">Com a colabora\u00e7\u00e3o do Conselho Tutelar e de psic\u00f3logos as crian\u00e7as revelaram detalhes de como os abusos ocorriam.<\/p>\n<p style=\"text-align: justify;\">O Conselho revelou que nos \u00faltimos tr\u00eas meses houve aumento na quantidade de casos denunciados na cidade. O montante j\u00e1 \u00e9 equivalente ao total do ano passado. Outra informa\u00e7\u00e3o importante e preocupante, \u00e9 que as idades das v\u00edtimas t\u00eam apresentado redu\u00e7\u00e3o, sendo que a m\u00e9dia tem sido at\u00e9 11 anos.<\/p>\n<p style=\"text-align: justify;\"><em>Colabora\u00e7\u00e3o Rede Massa Maring\u00e1<\/em><\/p>\n<p><em>(Informa\u00e7\u00f5es e foto: <a href=\"http:\/\/www.massanews.com\">www.massanews.com<\/a> \/ Viviane Nonato)<\/em><\/p>\n","protected":false},"excerpt":{"rendered":"<div class=\"mh-excerpt\"><p>Um empres\u00e1rio de Sarandi foi preso pela Pol\u00edcia Civil sob a acusa\u00e7\u00e3o de ter abusado sexualmente de sete crian\u00e7as. As v\u00edtimas, conforme as informa\u00e7\u00f5es, tinham no m\u00e1ximo 11 anos. De acordo com o que foi <a class=\"mh-excerpt-more\" href=\"https:\/\/diadianoticias.com.br\/?p=21243\" title=\"Empres\u00e1rio \u00e9 preso acusado de abusar de sete crian\u00e7as\">[&#8230;]<\/a><\/p>\n<\/div>","protected":false},"author":4,"featured_media":21244,"comment_status":"open","ping_status":"open","sticky":false,"template":"","format":"standard","meta":{"footnotes":""},"categories":[14],"tags":[],"class_list":{"0":"post-21243","1":"post","2":"type-post","3":"status-publish","4":"format-standard","5":"has-post-thumbnail","7":"category-paran"},"_links":{"self":[{"href":"https:\/\/diadianoticias.com.br\/index.php?rest_route=\/wp\/v2\/posts\/21243","targetHints":{"allow":["GET"]}}],"collection":[{"href":"https:\/\/diadianoticias.com.br\/index.php?rest_route=\/wp\/v2\/posts"}],"about":[{"href":"https:\/\/diadianoticias.com.br\/index.php?rest_route=\/wp\/v2\/types\/post"}],"author":[{"embeddable":true,"href":"https:\/\/diadianoticias.com.br\/index.php?rest_route=\/wp\/v2\/users\/4"}],"replies":[{"embeddable":true,"href":"https:\/\/diadianoticias.com.br\/index.php?rest_route=%2Fwp%2Fv2%2Fcomments&post=21243"}],"version-history":[{"count":1,"href":"https:\/\/diadianoticias.com.br\/index.php?rest_route=\/wp\/v2\/posts\/21243\/revisions"}],"predecessor-version":[{"id":21245,"href":"https:\/\/diadianoticias.com.br\/index.php?rest_route=\/wp\/v2\/posts\/21243\/revisions\/21245"}],"wp:featuredmedia":[{"embeddable":true,"href":"https:\/\/diadianoticias.com.br\/index.php?rest_route=\/wp\/v2\/media\/21244"}],"wp:attachment":[{"href":"https:\/\/diadianoticias.com.br\/index.php?rest_route=%2Fwp%2Fv2%2Fmedia&parent=21243"}],"wp:term":[{"taxonomy":"category","embeddable":true,"href":"https:\/\/diadianoticias.com.br\/index.php?rest_route=%2Fwp%2Fv2%2Fcategories&post=21243"},{"taxonomy":"post_tag","embeddable":true,"href":"https:\/\/diadianoticias.com.br\/index.php?rest_route=%2Fwp%2Fv2%2Ftags&post=21243"}],"curies":[{"name":"wp","href":"https:\/\/api.w.org\/{rel}","templated":true}]}}