{"id":21240,"date":"2017-02-26T20:37:04","date_gmt":"2017-02-26T20:37:04","guid":{"rendered":"http:\/\/diadianoticias.com.br\/?p=21240"},"modified":"2017-02-26T20:44:02","modified_gmt":"2017-02-26T20:44:02","slug":"dois-jovens-entre-eles-um-menor-foram-responsaveis-pela-morte-de-pastor-em-umuarama","status":"publish","type":"post","link":"https:\/\/diadianoticias.com.br\/?p=21240","title":{"rendered":"Dois jovens, entre eles um menor, foram respons\u00e1veis pela morte de pastor em Umuarama"},"content":{"rendered":"<p style=\"text-align: justify;\"><a href=\"http:\/\/diadianoticias.com.br\/wp-content\/uploads\/2017\/02\/lg-111b9b28-7006-4756-9932-9d228c20c236.jpg\"><img loading=\"lazy\" decoding=\"async\" class=\"alignleft size-medium wp-image-21241\" src=\"http:\/\/diadianoticias.com.br\/wp-content\/uploads\/2017\/02\/lg-111b9b28-7006-4756-9932-9d228c20c236-300x166.jpg\" alt=\"lg-111b9b28-7006-4756-9932-9d228c20c236\" width=\"300\" height=\"166\" srcset=\"https:\/\/diadianoticias.com.br\/wp-content\/uploads\/2017\/02\/lg-111b9b28-7006-4756-9932-9d228c20c236-300x166.jpg 300w, https:\/\/diadianoticias.com.br\/wp-content\/uploads\/2017\/02\/lg-111b9b28-7006-4756-9932-9d228c20c236.jpg 961w\" sizes=\"auto, (max-width: 300px) 100vw, 300px\" \/><\/a>Um jovem de 19 anos e um menor confessaram ter matado o pastor Augusto Riss. Os dois se apresentaram \u00e0 pol\u00edcia na tarde da \u00faltima sexta-feira (24) e foram liberados ap\u00f3s o depoimento. Segundo os policiais, eles n\u00e3o poderiam permanecer preso j\u00e1 que n\u00e3o havia mandado de pris\u00e3o e o flagrante j\u00e1 havia expirado.<\/p>\n<p style=\"text-align: justify;\">O delegado Osnildo Carneiro Lemes, respons\u00e1vel pelo caso, deve ser pronunciar sobre o assunto na pr\u00f3xima quarta-feira ap\u00f3s o feriado de carnaval. O jovem e o menor teriam alegado<strong>\u00a0<\/strong>motivos passionais\u00a0para matar Riss. Um deles teria um relacionamento recente com o pastor que insistia em lev\u00e1-lo a S\u00e3o Paulo.<\/p>\n<p style=\"text-align: justify;\">Riss foi morto a chutes, conforme o jovem e o adolescente relataram ao delegado. Para a Pol\u00edcia Civil o crime est\u00e1 elucidado.<\/p>\n<p style=\"text-align: justify;\">Augusto Riss, que morava em S\u00e3o Paulo<strong>\u00a0<\/strong>e tinha vindo a Umuarama para visitar a irm\u00e3, desapareceu na quinta-feira (16). O corpo dele foi encontrado dois dias depois (18) numa trilha do bosque do \u00cdndio.<\/p>\n<p style=\"text-align: justify;\">O crime chocou a cidade pela crueldade das circunst\u00e2ncias e porque o pastor era conhecido na cidade. H\u00e1 v\u00e1rios anos, por\u00e9m, ele vivia em S\u00e3o Paulo, onde era respons\u00e1vel por uma igreja.<strong>\u00a0<\/strong><\/p>\n<p style=\"text-align: justify;\"><strong>Liberdade<\/strong><\/p>\n<p style=\"text-align: justify;\">Na quarta (1\u00ba), Lemes deve contar em detalhes a elucida\u00e7\u00e3o do crime. At\u00e9 l\u00e1 a expectativa \u00e9 que a pris\u00e3o do criminoso e do infrator (por for\u00e7a do Estatuto da Crian\u00e7a e do Adolescente, a menores de idade n\u00e3o s\u00e3o atribu\u00eddos crimes e sim atos infracionais) j\u00e1 tenham sido expedidas pela justi\u00e7a.<\/p>\n<p><em>(Informa\u00e7\u00f5es e foto: <a href=\"http:\/\/www.massanews.com\">www.massanews.com<\/a> \/ <a href=\"http:\/\/www.obemdito.com.br\">www.obemdito.com.br<\/a>) <\/em><\/p>\n","protected":false},"excerpt":{"rendered":"<div class=\"mh-excerpt\"><p>Um jovem de 19 anos e um menor confessaram ter matado o pastor Augusto Riss. Os dois se apresentaram \u00e0 pol\u00edcia na tarde da \u00faltima sexta-feira (24) e foram liberados ap\u00f3s o depoimento. Segundo os <a class=\"mh-excerpt-more\" href=\"https:\/\/diadianoticias.com.br\/?p=21240\" title=\"Dois jovens, entre eles um menor, foram respons\u00e1veis pela morte de pastor em Umuarama\">[&#8230;]<\/a><\/p>\n<\/div>","protected":false},"author":4,"featured_media":21241,"comment_status":"open","ping_status":"open","sticky":false,"template":"","format":"standard","meta":{"footnotes":""},"categories":[8],"tags":[],"class_list":{"0":"post-21240","1":"post","2":"type-post","3":"status-publish","4":"format-standard","5":"has-post-thumbnail","7":"category-regionais"},"_links":{"self":[{"href":"https:\/\/diadianoticias.com.br\/index.php?rest_route=\/wp\/v2\/posts\/21240","targetHints":{"allow":["GET"]}}],"collection":[{"href":"https:\/\/diadianoticias.com.br\/index.php?rest_route=\/wp\/v2\/posts"}],"about":[{"href":"https:\/\/diadianoticias.com.br\/index.php?rest_route=\/wp\/v2\/types\/post"}],"author":[{"embeddable":true,"href":"https:\/\/diadianoticias.com.br\/index.php?rest_route=\/wp\/v2\/users\/4"}],"replies":[{"embeddable":true,"href":"https:\/\/diadianoticias.com.br\/index.php?rest_route=%2Fwp%2Fv2%2Fcomments&post=21240"}],"version-history":[{"count":2,"href":"https:\/\/diadianoticias.com.br\/index.php?rest_route=\/wp\/v2\/posts\/21240\/revisions"}],"predecessor-version":[{"id":21246,"href":"https:\/\/diadianoticias.com.br\/index.php?rest_route=\/wp\/v2\/posts\/21240\/revisions\/21246"}],"wp:featuredmedia":[{"embeddable":true,"href":"https:\/\/diadianoticias.com.br\/index.php?rest_route=\/wp\/v2\/media\/21241"}],"wp:attachment":[{"href":"https:\/\/diadianoticias.com.br\/index.php?rest_route=%2Fwp%2Fv2%2Fmedia&parent=21240"}],"wp:term":[{"taxonomy":"category","embeddable":true,"href":"https:\/\/diadianoticias.com.br\/index.php?rest_route=%2Fwp%2Fv2%2Fcategories&post=21240"},{"taxonomy":"post_tag","embeddable":true,"href":"https:\/\/diadianoticias.com.br\/index.php?rest_route=%2Fwp%2Fv2%2Ftags&post=21240"}],"curies":[{"name":"wp","href":"https:\/\/api.w.org\/{rel}","templated":true}]}}