{"id":21211,"date":"2017-02-23T22:54:52","date_gmt":"2017-02-23T22:54:52","guid":{"rendered":"http:\/\/diadianoticias.com.br\/?p=21211"},"modified":"2017-02-23T22:55:16","modified_gmt":"2017-02-23T22:55:16","slug":"temporal-deixa-rastro-de-destruicao-em-terra-boa","status":"publish","type":"post","link":"https:\/\/diadianoticias.com.br\/?p=21211","title":{"rendered":"Temporal deixa rastro de destrui\u00e7\u00e3o em Terra Boa"},"content":{"rendered":"<p style=\"text-align: justify;\"><a href=\"http:\/\/diadianoticias.com.br\/wp-content\/uploads\/2017\/02\/e448d885-2dc1-4962-9e44-10e26671bfc1.jpe\"><img loading=\"lazy\" decoding=\"async\" class=\"alignleft size-medium wp-image-21212\" src=\"http:\/\/diadianoticias.com.br\/wp-content\/uploads\/2017\/02\/e448d885-2dc1-4962-9e44-10e26671bfc1-225x300.jpe\" alt=\"e448d885-2dc1-4962-9e44-10e26671bfc1\" width=\"225\" height=\"300\" srcset=\"https:\/\/diadianoticias.com.br\/wp-content\/uploads\/2017\/02\/e448d885-2dc1-4962-9e44-10e26671bfc1-225x300.jpe 225w, https:\/\/diadianoticias.com.br\/wp-content\/uploads\/2017\/02\/e448d885-2dc1-4962-9e44-10e26671bfc1-768x1024.jpe 768w, https:\/\/diadianoticias.com.br\/wp-content\/uploads\/2017\/02\/e448d885-2dc1-4962-9e44-10e26671bfc1.jpe 960w\" sizes=\"auto, (max-width: 225px) 100vw, 225px\" \/><\/a>Um vendaval deixou um rastro de destrui\u00e7\u00e3o na cidade de Terra Boa, no in\u00edcio da tarde desta quinta-feira (23). O incidente aconteceu por volta da 13h30, quando a chuva acompanhada de fortes ventos teve in\u00edcio e bastaram cerca de 30 minutos para que v\u00e1rios preju\u00edzos fossem contabilizados na sede do munic\u00edpio. A \u00e1rea rural tamb\u00e9m foi atingida e v\u00e1rias granjas de frango tiveram danos consider\u00e1veis.<\/p>\n<p style=\"text-align: justify;\">Os registros mais graves foram contabilizados no Conjunto Cidade Alta, onde v\u00e1rias casas acabaram sendo destelhadas. Al\u00e9m das resid\u00eancias, a Supercreche \u00a0CMEI- Maria Dolores de Alc\u00e2ntara, que foi inaugurada h\u00e1 15 dias, teve parte de seu telhado arrancado pela for\u00e7a do vento.<\/p>\n<p style=\"text-align: justify;\">As rajadas de vento foram t\u00e3o fortes, que parte da estrutura met\u00e1lica ficou contorcida e algumas partes foram lan\u00e7adas a v\u00e1rios metros de dist\u00e2ncia em um conjunto residencial.<a href=\"http:\/\/diadianoticias.com.br\/wp-content\/uploads\/2017\/02\/828636a1-fc02-4d1d-96c2-d137c892e58a.jpe\"><img loading=\"lazy\" decoding=\"async\" class=\"alignright size-medium wp-image-21214\" src=\"http:\/\/diadianoticias.com.br\/wp-content\/uploads\/2017\/02\/828636a1-fc02-4d1d-96c2-d137c892e58a-300x169.jpe\" alt=\"828636a1-fc02-4d1d-96c2-d137c892e58a\" width=\"300\" height=\"169\" srcset=\"https:\/\/diadianoticias.com.br\/wp-content\/uploads\/2017\/02\/828636a1-fc02-4d1d-96c2-d137c892e58a-300x169.jpe 300w, https:\/\/diadianoticias.com.br\/wp-content\/uploads\/2017\/02\/828636a1-fc02-4d1d-96c2-d137c892e58a-1024x576.jpe 1024w, https:\/\/diadianoticias.com.br\/wp-content\/uploads\/2017\/02\/828636a1-fc02-4d1d-96c2-d137c892e58a.jpe 1280w\" sizes=\"auto, (max-width: 300px) 100vw, 300px\" \/><\/a><\/p>\n<p style=\"text-align: justify;\">De acordo com o secret\u00e1rio Geral, Ant\u00f4nio Mari, pelo menos quatro salas de aula foram completamente destelhadas e os preju\u00edzos no local est\u00e3o sendo levantados. \u201cO vento foi muito forte e atingiu, em cheio, o bairro que fica numa \u00e1rea plana e aberta. Apesar do susto, gra\u00e7as a Deus, ningu\u00e9m ficou ferido e os preju\u00edzos foram apenas materiais\u201d, relatou aliviado.<\/p>\n<p style=\"text-align: justify;\"><a href=\"http:\/\/diadianoticias.com.br\/wp-content\/uploads\/2017\/02\/95f1ca03-29b2-4bda-8020-fbd7315d2a6b.jpe\"><img loading=\"lazy\" decoding=\"async\" class=\"alignleft size-medium wp-image-21213\" src=\"http:\/\/diadianoticias.com.br\/wp-content\/uploads\/2017\/02\/95f1ca03-29b2-4bda-8020-fbd7315d2a6b-300x169.jpe\" alt=\"95f1ca03-29b2-4bda-8020-fbd7315d2a6b\" width=\"300\" height=\"169\" srcset=\"https:\/\/diadianoticias.com.br\/wp-content\/uploads\/2017\/02\/95f1ca03-29b2-4bda-8020-fbd7315d2a6b-300x169.jpe 300w, https:\/\/diadianoticias.com.br\/wp-content\/uploads\/2017\/02\/95f1ca03-29b2-4bda-8020-fbd7315d2a6b-1024x576.jpe 1024w, https:\/\/diadianoticias.com.br\/wp-content\/uploads\/2017\/02\/95f1ca03-29b2-4bda-8020-fbd7315d2a6b.jpe 1040w\" sizes=\"auto, (max-width: 300px) 100vw, 300px\" \/><\/a>Mari ressaltou que a empresa respons\u00e1vel pela obra j\u00e1 foi comunicada sobre o vendaval e os danos materiais.<\/p>\n<p style=\"text-align: justify;\">A reportagem completa voc\u00ea acompanha na pr\u00f3xima edi\u00e7\u00e3o do Programa Dia a Dia Not\u00edcias Online.<\/p>\n<p><em>(Informa\u00e7\u00f5es: www.jornalenfoqueregional.com.br \/ Fotos: Whatsapp \/ Jos\u00e9)<a href=\"http:\/\/diadianoticias.com.br\/wp-content\/uploads\/2017\/02\/7e9e6710-fec2-4afe-b453-e9581027f36b.jpe\"><img loading=\"lazy\" decoding=\"async\" class=\"alignright size-medium wp-image-21215\" src=\"http:\/\/diadianoticias.com.br\/wp-content\/uploads\/2017\/02\/7e9e6710-fec2-4afe-b453-e9581027f36b-300x169.jpe\" alt=\"7e9e6710-fec2-4afe-b453-e9581027f36b\" width=\"300\" height=\"169\" srcset=\"https:\/\/diadianoticias.com.br\/wp-content\/uploads\/2017\/02\/7e9e6710-fec2-4afe-b453-e9581027f36b-300x169.jpe 300w, https:\/\/diadianoticias.com.br\/wp-content\/uploads\/2017\/02\/7e9e6710-fec2-4afe-b453-e9581027f36b-1024x576.jpe 1024w, https:\/\/diadianoticias.com.br\/wp-content\/uploads\/2017\/02\/7e9e6710-fec2-4afe-b453-e9581027f36b.jpe 1280w\" sizes=\"auto, (max-width: 300px) 100vw, 300px\" \/><\/a><\/em><\/p>\n","protected":false},"excerpt":{"rendered":"<div class=\"mh-excerpt\"><p>Um vendaval deixou um rastro de destrui\u00e7\u00e3o na cidade de Terra Boa, no in\u00edcio da tarde desta quinta-feira (23). O incidente aconteceu por volta da 13h30, quando a chuva acompanhada de fortes ventos teve in\u00edcio <a class=\"mh-excerpt-more\" href=\"https:\/\/diadianoticias.com.br\/?p=21211\" title=\"Temporal deixa rastro de destrui\u00e7\u00e3o em Terra Boa\">[&#8230;]<\/a><\/p>\n<\/div>","protected":false},"author":4,"featured_media":21212,"comment_status":"open","ping_status":"open","sticky":false,"template":"","format":"standard","meta":{"footnotes":""},"categories":[8],"tags":[],"class_list":{"0":"post-21211","1":"post","2":"type-post","3":"status-publish","4":"format-standard","5":"has-post-thumbnail","7":"category-regionais"},"_links":{"self":[{"href":"https:\/\/diadianoticias.com.br\/index.php?rest_route=\/wp\/v2\/posts\/21211","targetHints":{"allow":["GET"]}}],"collection":[{"href":"https:\/\/diadianoticias.com.br\/index.php?rest_route=\/wp\/v2\/posts"}],"about":[{"href":"https:\/\/diadianoticias.com.br\/index.php?rest_route=\/wp\/v2\/types\/post"}],"author":[{"embeddable":true,"href":"https:\/\/diadianoticias.com.br\/index.php?rest_route=\/wp\/v2\/users\/4"}],"replies":[{"embeddable":true,"href":"https:\/\/diadianoticias.com.br\/index.php?rest_route=%2Fwp%2Fv2%2Fcomments&post=21211"}],"version-history":[{"count":2,"href":"https:\/\/diadianoticias.com.br\/index.php?rest_route=\/wp\/v2\/posts\/21211\/revisions"}],"predecessor-version":[{"id":21217,"href":"https:\/\/diadianoticias.com.br\/index.php?rest_route=\/wp\/v2\/posts\/21211\/revisions\/21217"}],"wp:featuredmedia":[{"embeddable":true,"href":"https:\/\/diadianoticias.com.br\/index.php?rest_route=\/wp\/v2\/media\/21212"}],"wp:attachment":[{"href":"https:\/\/diadianoticias.com.br\/index.php?rest_route=%2Fwp%2Fv2%2Fmedia&parent=21211"}],"wp:term":[{"taxonomy":"category","embeddable":true,"href":"https:\/\/diadianoticias.com.br\/index.php?rest_route=%2Fwp%2Fv2%2Fcategories&post=21211"},{"taxonomy":"post_tag","embeddable":true,"href":"https:\/\/diadianoticias.com.br\/index.php?rest_route=%2Fwp%2Fv2%2Ftags&post=21211"}],"curies":[{"name":"wp","href":"https:\/\/api.w.org\/{rel}","templated":true}]}}