{"id":21208,"date":"2017-02-23T22:42:55","date_gmt":"2017-02-23T22:42:55","guid":{"rendered":"http:\/\/diadianoticias.com.br\/?p=21208"},"modified":"2017-02-23T22:42:55","modified_gmt":"2017-02-23T22:42:55","slug":"temer-escolhe-deputado-paranaense-osmar-serraglio-para-ministerio-da-justica","status":"publish","type":"post","link":"https:\/\/diadianoticias.com.br\/?p=21208","title":{"rendered":"Temer escolhe deputado paranaense Osmar Serraglio para Minist\u00e9rio da Justi\u00e7a"},"content":{"rendered":"<p style=\"text-align: justify;\"><a href=\"http:\/\/diadianoticias.com.br\/wp-content\/uploads\/2017\/02\/osmar-serraglio.jpg\"><img loading=\"lazy\" decoding=\"async\" class=\"alignleft size-medium wp-image-21209\" src=\"http:\/\/diadianoticias.com.br\/wp-content\/uploads\/2017\/02\/osmar-serraglio-300x166.jpg\" alt=\"osmar serraglio\" width=\"300\" height=\"166\" srcset=\"https:\/\/diadianoticias.com.br\/wp-content\/uploads\/2017\/02\/osmar-serraglio-300x166.jpg 300w, https:\/\/diadianoticias.com.br\/wp-content\/uploads\/2017\/02\/osmar-serraglio.jpg 961w\" sizes=\"auto, (max-width: 300px) 100vw, 300px\" \/><\/a>O presidente Michel Temer vai anunciar ainda hoje o novo ministro da Justi\u00e7a: ser\u00e1 o deputado ga\u00facho Osmar Serraglio, do PMDB do Paran\u00e1, que tem 68 anos e foi professor de Direito Administrativo da Universidade Paranaense em Umuarana (PR). No ano passado foi presidente da CCJ da C\u00e2mara e\u00a0<a href=\"https:\/\/www.youtube.com\/watch?v=Io8w-IOLOpM\">votou a favor do impeachment<\/a>. Ficou conhecido nacionalmente como relator da CPI dos Correios, encerrada em 2006.<\/p>\n<p style=\"text-align: justify;\">Temer pretende criar uma Secretaria Especial de Seguran\u00e7a P\u00fablica vinculada diretamente \u00e0 Presid\u00eancia da Rep\u00fablica e insistir com o seu amigo, o advogado Ant\u00f3nio Cl\u00e1udio Mariz de Oliveira, para assumir a fun\u00e7\u00e3o. Mariz est\u00e1 reticente, mas Temer alega que ele tem \u201calto esp\u00edrito p\u00fablico\u201d e acabar\u00e1 aceitando.<\/p>\n<p style=\"text-align: justify;\">Com a nomea\u00e7\u00e3o de Serraglio, Temer satisfaz o PMDB e abre a porta para manter o Itamaraty com um tucano, ap\u00f3s a sa\u00edda do senador Jos\u00e9 Serra, anunciada na noite de quarta-feira. A pr\u00f3pria c\u00fapula do PSDB discute o novo chanceler. O presidente do partido, A\u00e9cio Neves, deve se encontrar ainda hoje com Serra para avaliar nomes de embaixadores e senadores tucanos aptos para a fun\u00e7\u00e3o.<\/p>\n<p><em>(Informa\u00e7\u00f5es e foto: <a href=\"http:\/\/www.massanews.com\">www.massanews.com<\/a> \/ Estad\u00e3o Conte\u00fado)<\/em><\/p>\n<p>&nbsp;<\/p>\n","protected":false},"excerpt":{"rendered":"<div class=\"mh-excerpt\"><p>O presidente Michel Temer vai anunciar ainda hoje o novo ministro da Justi\u00e7a: ser\u00e1 o deputado ga\u00facho Osmar Serraglio, do PMDB do Paran\u00e1, que tem 68 anos e foi professor de Direito Administrativo da Universidade <a class=\"mh-excerpt-more\" href=\"https:\/\/diadianoticias.com.br\/?p=21208\" title=\"Temer escolhe deputado paranaense Osmar Serraglio para Minist\u00e9rio da Justi\u00e7a\">[&#8230;]<\/a><\/p>\n<\/div>","protected":false},"author":4,"featured_media":21209,"comment_status":"open","ping_status":"open","sticky":false,"template":"","format":"standard","meta":{"footnotes":""},"categories":[6],"tags":[],"class_list":{"0":"post-21208","1":"post","2":"type-post","3":"status-publish","4":"format-standard","5":"has-post-thumbnail","7":"category-poltica"},"_links":{"self":[{"href":"https:\/\/diadianoticias.com.br\/index.php?rest_route=\/wp\/v2\/posts\/21208","targetHints":{"allow":["GET"]}}],"collection":[{"href":"https:\/\/diadianoticias.com.br\/index.php?rest_route=\/wp\/v2\/posts"}],"about":[{"href":"https:\/\/diadianoticias.com.br\/index.php?rest_route=\/wp\/v2\/types\/post"}],"author":[{"embeddable":true,"href":"https:\/\/diadianoticias.com.br\/index.php?rest_route=\/wp\/v2\/users\/4"}],"replies":[{"embeddable":true,"href":"https:\/\/diadianoticias.com.br\/index.php?rest_route=%2Fwp%2Fv2%2Fcomments&post=21208"}],"version-history":[{"count":1,"href":"https:\/\/diadianoticias.com.br\/index.php?rest_route=\/wp\/v2\/posts\/21208\/revisions"}],"predecessor-version":[{"id":21210,"href":"https:\/\/diadianoticias.com.br\/index.php?rest_route=\/wp\/v2\/posts\/21208\/revisions\/21210"}],"wp:featuredmedia":[{"embeddable":true,"href":"https:\/\/diadianoticias.com.br\/index.php?rest_route=\/wp\/v2\/media\/21209"}],"wp:attachment":[{"href":"https:\/\/diadianoticias.com.br\/index.php?rest_route=%2Fwp%2Fv2%2Fmedia&parent=21208"}],"wp:term":[{"taxonomy":"category","embeddable":true,"href":"https:\/\/diadianoticias.com.br\/index.php?rest_route=%2Fwp%2Fv2%2Fcategories&post=21208"},{"taxonomy":"post_tag","embeddable":true,"href":"https:\/\/diadianoticias.com.br\/index.php?rest_route=%2Fwp%2Fv2%2Ftags&post=21208"}],"curies":[{"name":"wp","href":"https:\/\/api.w.org\/{rel}","templated":true}]}}