{"id":20960,"date":"2017-01-31T09:47:07","date_gmt":"2017-01-31T09:47:07","guid":{"rendered":"http:\/\/diadianoticias.com.br\/?p=20960"},"modified":"2017-01-31T09:47:07","modified_gmt":"2017-01-31T09:47:07","slug":"policia-rodoviaria-recupera-caminhao-furtado-e-prende-motorista","status":"publish","type":"post","link":"https:\/\/diadianoticias.com.br\/?p=20960","title":{"rendered":"Pol\u00edcia Rodovi\u00e1ria recupera caminh\u00e3o furtado e prende motorista"},"content":{"rendered":"<p style=\"text-align: justify;\"><a href=\"http:\/\/diadianoticias.com.br\/wp-content\/uploads\/2017\/01\/DSC00857.jpg\"><img loading=\"lazy\" decoding=\"async\" class=\"alignleft size-medium wp-image-20962\" src=\"http:\/\/diadianoticias.com.br\/wp-content\/uploads\/2017\/01\/DSC00857-300x173.jpg\" alt=\"DSC00857\" width=\"300\" height=\"173\" srcset=\"https:\/\/diadianoticias.com.br\/wp-content\/uploads\/2017\/01\/DSC00857-300x173.jpg 300w, https:\/\/diadianoticias.com.br\/wp-content\/uploads\/2017\/01\/DSC00857.jpg 640w\" sizes=\"auto, (max-width: 300px) 100vw, 300px\" \/><\/a>Policiais da ROTAM da 3\u00aa CIA da PRE recuperaram uma carreta furtada por volta das 03h30, desta ter\u00e7a-feira (31), na PR 323, em Cafezal do Sul.<\/p>\n<p style=\"text-align: justify;\">A v\u00edtima ainda n\u00e3o tinha registrado o furto quando o caminh\u00e3o trator Scania 113, placa MCH 4550, acoplado com semi-reboque ca\u00e7amba placa AAX 9446 de Maring\u00e1 foi recuperado.<\/p>\n<p style=\"text-align: justify;\">O condutor do caminh\u00e3o, Severino S. C., 58 anos, que foi preso em flagrante, relatou aos policias que furtou o caminh\u00e3o na fila de carga de uma cooperativa em Maring\u00e1, por volta<a href=\"http:\/\/diadianoticias.com.br\/wp-content\/uploads\/2017\/01\/65004a43-b872-477a-9741-d29122697e71.jpg\"><img loading=\"lazy\" decoding=\"async\" class=\"alignright size-medium wp-image-20964\" src=\"http:\/\/diadianoticias.com.br\/wp-content\/uploads\/2017\/01\/65004a43-b872-477a-9741-d29122697e71-266x300.jpg\" alt=\"65004a43-b872-477a-9741-d29122697e71\" width=\"266\" height=\"300\" srcset=\"https:\/\/diadianoticias.com.br\/wp-content\/uploads\/2017\/01\/65004a43-b872-477a-9741-d29122697e71-266x300.jpg 266w, https:\/\/diadianoticias.com.br\/wp-content\/uploads\/2017\/01\/65004a43-b872-477a-9741-d29122697e71.jpg 426w\" sizes=\"auto, (max-width: 266px) 100vw, 266px\" \/><\/a> das 23h00, usando uma chave \u201cmicha\u201d.<\/p>\n<p style=\"text-align: justify;\">Severino, que j\u00e1 tem passagens pela pol\u00edcia por furto, relatou que levaria o caminh\u00e3o para Eldorado \u2013 MS, onde receberia R$2.000,00 pelo caminh\u00e3o.<\/p>\n<p style=\"text-align: justify;\">O condutor apresentou ainda uma CNH falsificada aos policiais e disse ter comprado a mesma por R$ 500,00 em Maring\u00e1.<\/p>\n<p style=\"text-align: justify;\">O detido e a carreta foram entregues da Delegacia de Ipor\u00e3 para as medidas cab\u00edveis.<\/p>\n<p><em>(Informa\u00e7\u00f5es e fotos: <a href=\"http:\/\/www.brandaojunior.com.br\">www.brandaojunior.com.br<\/a> )<\/em><\/p>\n<p><a href=\"http:\/\/diadianoticias.com.br\/wp-content\/uploads\/2017\/01\/DSC00857.jpg\"><img loading=\"lazy\" decoding=\"async\" class=\"alignleft size-thumbnail wp-image-20962\" src=\"http:\/\/diadianoticias.com.br\/wp-content\/uploads\/2017\/01\/DSC00857-150x150.jpg\" alt=\"DSC00857\" width=\"150\" height=\"150\" \/><\/a><a href=\"http:\/\/diadianoticias.com.br\/wp-content\/uploads\/2017\/01\/DSC00860.jpg\"><img loading=\"lazy\" decoding=\"async\" class=\"alignleft size-thumbnail wp-image-20961\" src=\"http:\/\/diadianoticias.com.br\/wp-content\/uploads\/2017\/01\/DSC00860-150x150.jpg\" alt=\"DSC00860\" width=\"150\" height=\"150\" \/><\/a><\/p>\n","protected":false},"excerpt":{"rendered":"<div class=\"mh-excerpt\"><p>Policiais da ROTAM da 3\u00aa CIA da PRE recuperaram uma carreta furtada por volta das 03h30, desta ter\u00e7a-feira (31), na PR 323, em Cafezal do Sul. A v\u00edtima ainda n\u00e3o tinha registrado o furto quando <a class=\"mh-excerpt-more\" href=\"https:\/\/diadianoticias.com.br\/?p=20960\" title=\"Pol\u00edcia Rodovi\u00e1ria recupera caminh\u00e3o furtado e prende motorista\">[&#8230;]<\/a><\/p>\n<\/div>","protected":false},"author":4,"featured_media":20963,"comment_status":"open","ping_status":"open","sticky":false,"template":"","format":"standard","meta":{"footnotes":""},"categories":[14],"tags":[],"class_list":{"0":"post-20960","1":"post","2":"type-post","3":"status-publish","4":"format-standard","5":"has-post-thumbnail","7":"category-paran"},"_links":{"self":[{"href":"https:\/\/diadianoticias.com.br\/index.php?rest_route=\/wp\/v2\/posts\/20960","targetHints":{"allow":["GET"]}}],"collection":[{"href":"https:\/\/diadianoticias.com.br\/index.php?rest_route=\/wp\/v2\/posts"}],"about":[{"href":"https:\/\/diadianoticias.com.br\/index.php?rest_route=\/wp\/v2\/types\/post"}],"author":[{"embeddable":true,"href":"https:\/\/diadianoticias.com.br\/index.php?rest_route=\/wp\/v2\/users\/4"}],"replies":[{"embeddable":true,"href":"https:\/\/diadianoticias.com.br\/index.php?rest_route=%2Fwp%2Fv2%2Fcomments&post=20960"}],"version-history":[{"count":1,"href":"https:\/\/diadianoticias.com.br\/index.php?rest_route=\/wp\/v2\/posts\/20960\/revisions"}],"predecessor-version":[{"id":20965,"href":"https:\/\/diadianoticias.com.br\/index.php?rest_route=\/wp\/v2\/posts\/20960\/revisions\/20965"}],"wp:featuredmedia":[{"embeddable":true,"href":"https:\/\/diadianoticias.com.br\/index.php?rest_route=\/wp\/v2\/media\/20963"}],"wp:attachment":[{"href":"https:\/\/diadianoticias.com.br\/index.php?rest_route=%2Fwp%2Fv2%2Fmedia&parent=20960"}],"wp:term":[{"taxonomy":"category","embeddable":true,"href":"https:\/\/diadianoticias.com.br\/index.php?rest_route=%2Fwp%2Fv2%2Fcategories&post=20960"},{"taxonomy":"post_tag","embeddable":true,"href":"https:\/\/diadianoticias.com.br\/index.php?rest_route=%2Fwp%2Fv2%2Ftags&post=20960"}],"curies":[{"name":"wp","href":"https:\/\/api.w.org\/{rel}","templated":true}]}}