{"id":20923,"date":"2017-01-28T12:20:06","date_gmt":"2017-01-28T12:20:06","guid":{"rendered":"http:\/\/diadianoticias.com.br\/?p=20923"},"modified":"2017-01-28T12:20:06","modified_gmt":"2017-01-28T12:20:06","slug":"colisao-frontal-entre-carros-causa-duas-mortes-na-pr-317","status":"publish","type":"post","link":"https:\/\/diadianoticias.com.br\/?p=20923","title":{"rendered":"Colis\u00e3o frontal entre carros causa duas mortes na PR-317"},"content":{"rendered":"<p style=\"text-align: justify;\"><a href=\"http:\/\/diadianoticias.com.br\/wp-content\/uploads\/2017\/01\/lg-43465f8d-5855-49ae-a43a-3fdcd0405437.jpg\"><img loading=\"lazy\" decoding=\"async\" class=\"alignleft size-medium wp-image-20928\" src=\"http:\/\/diadianoticias.com.br\/wp-content\/uploads\/2017\/01\/lg-43465f8d-5855-49ae-a43a-3fdcd0405437-300x166.jpg\" alt=\"lg-43465f8d-5855-49ae-a43a-3fdcd0405437\" width=\"300\" height=\"166\" srcset=\"https:\/\/diadianoticias.com.br\/wp-content\/uploads\/2017\/01\/lg-43465f8d-5855-49ae-a43a-3fdcd0405437-300x166.jpg 300w, https:\/\/diadianoticias.com.br\/wp-content\/uploads\/2017\/01\/lg-43465f8d-5855-49ae-a43a-3fdcd0405437.jpg 961w\" sizes=\"auto, (max-width: 300px) 100vw, 300px\" \/><\/a>Dois homens morreram em um acidente de tr\u00e2nsito ocorrido na tarde desta sexta-feira (27), em Nossa Senhora das Gra\u00e7as (a 67 quil\u00f4metros de Maring\u00e1). Socorristas do Corpo de Bombeiros de Maring\u00e1 e o helic\u00f3ptero do Samu foram chamados para atender as v\u00edtimas.<\/p>\n<p style=\"text-align: justify;\">De acordo com a Pol\u00edcia Rodovi\u00e1ria Estadual, dois carros colidiram de frente na PR-317, no trecho entre Nossa Senhora das Gra\u00e7as e Santa F\u00e9. O impacto violento causou a morte<a href=\"http:\/\/diadianoticias.com.br\/wp-content\/uploads\/2017\/01\/or-261e9030-6b60-4976-9c5d-95b083690a91.jpg\"><img loading=\"lazy\" decoding=\"async\" class=\"alignright size-medium wp-image-20925\" src=\"http:\/\/diadianoticias.com.br\/wp-content\/uploads\/2017\/01\/or-261e9030-6b60-4976-9c5d-95b083690a91-300x225.jpg\" alt=\"or-261e9030-6b60-4976-9c5d-95b083690a91\" width=\"300\" height=\"225\" srcset=\"https:\/\/diadianoticias.com.br\/wp-content\/uploads\/2017\/01\/or-261e9030-6b60-4976-9c5d-95b083690a91-300x225.jpg 300w, https:\/\/diadianoticias.com.br\/wp-content\/uploads\/2017\/01\/or-261e9030-6b60-4976-9c5d-95b083690a91-1024x768.jpg 1024w, https:\/\/diadianoticias.com.br\/wp-content\/uploads\/2017\/01\/or-261e9030-6b60-4976-9c5d-95b083690a91.jpg 1280w\" sizes=\"auto, (max-width: 300px) 100vw, 300px\" \/><\/a> de ambos os motoristas.<\/p>\n<p style=\"text-align: justify;\">Outras tr\u00eas pessoas ficaram gravemente feridas e foram encaminhadas a hospitais. A causa do acidente ser\u00e1 investigada.<\/p>\n<p><em>(Informa\u00e7\u00f5es: <a href=\"http:\/\/www.massanews.com\">www.massanews.com<\/a> \/ Pauline Almeida \/ Fotos: Tuia do Paran\u00e1)<\/em><\/p>\n<p>&nbsp;<\/p>\n<p><a href=\"http:\/\/diadianoticias.com.br\/wp-content\/uploads\/2017\/01\/or-da018007-25b4-4fc0-a789-faac7fc75a7a.jpg\"><img loading=\"lazy\" decoding=\"async\" class=\"alignleft size-thumbnail wp-image-20927\" src=\"http:\/\/diadianoticias.com.br\/wp-content\/uploads\/2017\/01\/or-da018007-25b4-4fc0-a789-faac7fc75a7a-150x150.jpg\" alt=\"or-da018007-25b4-4fc0-a789-faac7fc75a7a\" width=\"150\" height=\"150\" \/><\/a><a href=\"http:\/\/diadianoticias.com.br\/wp-content\/uploads\/2017\/01\/or-cdd4e8b8-9b54-4c0b-92e8-482f165f6814.jpg\"><img loading=\"lazy\" decoding=\"async\" class=\"alignleft size-thumbnail wp-image-20926\" src=\"http:\/\/diadianoticias.com.br\/wp-content\/uploads\/2017\/01\/or-cdd4e8b8-9b54-4c0b-92e8-482f165f6814-150x150.jpg\" alt=\"or-cdd4e8b8-9b54-4c0b-92e8-482f165f6814\" width=\"150\" height=\"150\" \/><\/a><a href=\"http:\/\/diadianoticias.com.br\/wp-content\/uploads\/2017\/01\/or-89aae037-ea93-42fe-93e1-7a8c0ca8a98d.jpg\"><img loading=\"lazy\" decoding=\"async\" class=\"alignleft size-thumbnail wp-image-20924\" src=\"http:\/\/diadianoticias.com.br\/wp-content\/uploads\/2017\/01\/or-89aae037-ea93-42fe-93e1-7a8c0ca8a98d-150x150.jpg\" alt=\"or-89aae037-ea93-42fe-93e1-7a8c0ca8a98d\" width=\"150\" height=\"150\" \/><\/a><\/p>\n","protected":false},"excerpt":{"rendered":"<div class=\"mh-excerpt\"><p>Dois homens morreram em um acidente de tr\u00e2nsito ocorrido na tarde desta sexta-feira (27), em Nossa Senhora das Gra\u00e7as (a 67 quil\u00f4metros de Maring\u00e1). Socorristas do Corpo de Bombeiros de Maring\u00e1 e o helic\u00f3ptero do <a class=\"mh-excerpt-more\" href=\"https:\/\/diadianoticias.com.br\/?p=20923\" title=\"Colis\u00e3o frontal entre carros causa duas mortes na PR-317\">[&#8230;]<\/a><\/p>\n<\/div>","protected":false},"author":4,"featured_media":20928,"comment_status":"open","ping_status":"open","sticky":false,"template":"","format":"standard","meta":{"footnotes":""},"categories":[14],"tags":[],"class_list":{"0":"post-20923","1":"post","2":"type-post","3":"status-publish","4":"format-standard","5":"has-post-thumbnail","7":"category-paran"},"_links":{"self":[{"href":"https:\/\/diadianoticias.com.br\/index.php?rest_route=\/wp\/v2\/posts\/20923","targetHints":{"allow":["GET"]}}],"collection":[{"href":"https:\/\/diadianoticias.com.br\/index.php?rest_route=\/wp\/v2\/posts"}],"about":[{"href":"https:\/\/diadianoticias.com.br\/index.php?rest_route=\/wp\/v2\/types\/post"}],"author":[{"embeddable":true,"href":"https:\/\/diadianoticias.com.br\/index.php?rest_route=\/wp\/v2\/users\/4"}],"replies":[{"embeddable":true,"href":"https:\/\/diadianoticias.com.br\/index.php?rest_route=%2Fwp%2Fv2%2Fcomments&post=20923"}],"version-history":[{"count":1,"href":"https:\/\/diadianoticias.com.br\/index.php?rest_route=\/wp\/v2\/posts\/20923\/revisions"}],"predecessor-version":[{"id":20929,"href":"https:\/\/diadianoticias.com.br\/index.php?rest_route=\/wp\/v2\/posts\/20923\/revisions\/20929"}],"wp:featuredmedia":[{"embeddable":true,"href":"https:\/\/diadianoticias.com.br\/index.php?rest_route=\/wp\/v2\/media\/20928"}],"wp:attachment":[{"href":"https:\/\/diadianoticias.com.br\/index.php?rest_route=%2Fwp%2Fv2%2Fmedia&parent=20923"}],"wp:term":[{"taxonomy":"category","embeddable":true,"href":"https:\/\/diadianoticias.com.br\/index.php?rest_route=%2Fwp%2Fv2%2Fcategories&post=20923"},{"taxonomy":"post_tag","embeddable":true,"href":"https:\/\/diadianoticias.com.br\/index.php?rest_route=%2Fwp%2Fv2%2Ftags&post=20923"}],"curies":[{"name":"wp","href":"https:\/\/api.w.org\/{rel}","templated":true}]}}