{"id":20882,"date":"2017-01-25T10:29:17","date_gmt":"2017-01-25T10:29:17","guid":{"rendered":"http:\/\/diadianoticias.com.br\/?p=20882"},"modified":"2017-01-25T10:29:17","modified_gmt":"2017-01-25T10:29:17","slug":"colisao-frontal-entre-carro-e-caminhao-mata-dois-na-pr-323","status":"publish","type":"post","link":"https:\/\/diadianoticias.com.br\/?p=20882","title":{"rendered":"Colis\u00e3o frontal entre carro e caminh\u00e3o mata dois na PR-323"},"content":{"rendered":"<figure id=\"attachment_20883\" aria-describedby=\"caption-attachment-20883\" style=\"width: 225px\" class=\"wp-caption alignleft\"><a href=\"http:\/\/diadianoticias.com.br\/wp-content\/uploads\/2017\/01\/4563f64b-7e43-49bd-ab5e-05e2aa16b481.jpe\"><img loading=\"lazy\" decoding=\"async\" class=\"size-medium wp-image-20883\" src=\"http:\/\/diadianoticias.com.br\/wp-content\/uploads\/2017\/01\/4563f64b-7e43-49bd-ab5e-05e2aa16b481-225x300.jpe\" alt=\"Foto: Andre Silva via Umuarama News\" width=\"225\" height=\"300\" srcset=\"https:\/\/diadianoticias.com.br\/wp-content\/uploads\/2017\/01\/4563f64b-7e43-49bd-ab5e-05e2aa16b481-225x300.jpe 225w, https:\/\/diadianoticias.com.br\/wp-content\/uploads\/2017\/01\/4563f64b-7e43-49bd-ab5e-05e2aa16b481-768x1024.jpe 768w, https:\/\/diadianoticias.com.br\/wp-content\/uploads\/2017\/01\/4563f64b-7e43-49bd-ab5e-05e2aa16b481.jpe 960w\" sizes=\"auto, (max-width: 225px) 100vw, 225px\" \/><\/a><figcaption id=\"caption-attachment-20883\" class=\"wp-caption-text\">Foto: Andre Silva via Umuarama News<\/figcaption><\/figure>\n<p style=\"text-align: justify;\">Dois homens que estavam em um ve\u00edculo Fiat\/Punto, de cor branca, com placas de Gua\u00edra, tiveram morte instant\u00e2nea em um violento acidente na manh\u00e3 desta quarta-feira(25) na PR-323.<\/p>\n<p style=\"text-align: justify;\">A colis\u00e3o do tipo frontal foi entre o ve\u00edculo Fiat\/Punto e um caminh\u00e3o e aconteceu entre Umuarama e o distrito de Lovat.<\/p>\n<p style=\"text-align: justify;\">O Punto viajava sentido \u00e0 Cruzeiro do Oeste. As v\u00edtimas foram identificadas como Rodrigo Zoratti Coelho, 35 anos, e Jhony Poletto, de 26.<\/p>\n<figure id=\"attachment_20884\" aria-describedby=\"caption-attachment-20884\" style=\"width: 225px\" class=\"wp-caption alignright\"><a href=\"http:\/\/diadianoticias.com.br\/wp-content\/uploads\/2017\/01\/5cf37012-bba5-477e-ad18-6d723b84fcca.jpe\"><img loading=\"lazy\" decoding=\"async\" class=\"wp-image-20884 size-medium\" src=\"http:\/\/diadianoticias.com.br\/wp-content\/uploads\/2017\/01\/5cf37012-bba5-477e-ad18-6d723b84fcca-225x300.jpe\" alt=\"5cf37012-bba5-477e-ad18-6d723b84fcca\" width=\"225\" height=\"300\" srcset=\"https:\/\/diadianoticias.com.br\/wp-content\/uploads\/2017\/01\/5cf37012-bba5-477e-ad18-6d723b84fcca-225x300.jpe 225w, https:\/\/diadianoticias.com.br\/wp-content\/uploads\/2017\/01\/5cf37012-bba5-477e-ad18-6d723b84fcca-768x1024.jpe 768w, https:\/\/diadianoticias.com.br\/wp-content\/uploads\/2017\/01\/5cf37012-bba5-477e-ad18-6d723b84fcca.jpe 960w\" sizes=\"auto, (max-width: 225px) 100vw, 225px\" \/><\/a><figcaption id=\"caption-attachment-20884\" class=\"wp-caption-text\">Foto: Andre Silva via Umuarama News<\/figcaption><\/figure>\n<p style=\"text-align: justify;\">Os corpos foram recolhidos e encaminhados para o IML de Umuarama.<\/p>\n<p style=\"text-align: justify;\">A reportagem completa voc\u00ea assiste logo mais na edi\u00e7\u00e3o do Jornal Dia a Dia Not\u00edcias Online.<\/p>\n","protected":false},"excerpt":{"rendered":"<div class=\"mh-excerpt\"><p>Dois homens que estavam em um ve\u00edculo Fiat\/Punto, de cor branca, com placas de Gua\u00edra, tiveram morte instant\u00e2nea em um violento acidente na manh\u00e3 desta quarta-feira(25) na PR-323. A colis\u00e3o do tipo frontal foi entre <a class=\"mh-excerpt-more\" href=\"https:\/\/diadianoticias.com.br\/?p=20882\" title=\"Colis\u00e3o frontal entre carro e caminh\u00e3o mata dois na PR-323\">[&#8230;]<\/a><\/p>\n<\/div>","protected":false},"author":4,"featured_media":20883,"comment_status":"open","ping_status":"open","sticky":false,"template":"","format":"standard","meta":{"footnotes":""},"categories":[14],"tags":[],"class_list":{"0":"post-20882","1":"post","2":"type-post","3":"status-publish","4":"format-standard","5":"has-post-thumbnail","7":"category-paran"},"_links":{"self":[{"href":"https:\/\/diadianoticias.com.br\/index.php?rest_route=\/wp\/v2\/posts\/20882","targetHints":{"allow":["GET"]}}],"collection":[{"href":"https:\/\/diadianoticias.com.br\/index.php?rest_route=\/wp\/v2\/posts"}],"about":[{"href":"https:\/\/diadianoticias.com.br\/index.php?rest_route=\/wp\/v2\/types\/post"}],"author":[{"embeddable":true,"href":"https:\/\/diadianoticias.com.br\/index.php?rest_route=\/wp\/v2\/users\/4"}],"replies":[{"embeddable":true,"href":"https:\/\/diadianoticias.com.br\/index.php?rest_route=%2Fwp%2Fv2%2Fcomments&post=20882"}],"version-history":[{"count":1,"href":"https:\/\/diadianoticias.com.br\/index.php?rest_route=\/wp\/v2\/posts\/20882\/revisions"}],"predecessor-version":[{"id":20885,"href":"https:\/\/diadianoticias.com.br\/index.php?rest_route=\/wp\/v2\/posts\/20882\/revisions\/20885"}],"wp:featuredmedia":[{"embeddable":true,"href":"https:\/\/diadianoticias.com.br\/index.php?rest_route=\/wp\/v2\/media\/20883"}],"wp:attachment":[{"href":"https:\/\/diadianoticias.com.br\/index.php?rest_route=%2Fwp%2Fv2%2Fmedia&parent=20882"}],"wp:term":[{"taxonomy":"category","embeddable":true,"href":"https:\/\/diadianoticias.com.br\/index.php?rest_route=%2Fwp%2Fv2%2Fcategories&post=20882"},{"taxonomy":"post_tag","embeddable":true,"href":"https:\/\/diadianoticias.com.br\/index.php?rest_route=%2Fwp%2Fv2%2Ftags&post=20882"}],"curies":[{"name":"wp","href":"https:\/\/api.w.org\/{rel}","templated":true}]}}