{"id":1761,"date":"2012-05-30T13:08:46","date_gmt":"2012-05-30T13:08:46","guid":{"rendered":"http:\/\/diadianoticias.com.br\/?p=1761"},"modified":"2012-05-30T13:09:03","modified_gmt":"2012-05-30T13:09:03","slug":"alunos-da-apae-ganham-centro-de-equoterapia","status":"publish","type":"post","link":"https:\/\/diadianoticias.com.br\/?p=1761","title":{"rendered":"Alunos da Apae ganham Centro de Equoterapia"},"content":{"rendered":"<p><a href=\"http:\/\/diadianoticias.com.br\/wp-content\/uploads\/2012\/05\/equoterapia.jpg\"><img loading=\"lazy\" decoding=\"async\" class=\"alignleft size-medium wp-image-1763\" title=\"equoterapia\" src=\"http:\/\/diadianoticias.com.br\/wp-content\/uploads\/2012\/05\/equoterapia-300x199.jpg\" alt=\"\" width=\"300\" height=\"199\" srcset=\"https:\/\/diadianoticias.com.br\/wp-content\/uploads\/2012\/05\/equoterapia-300x199.jpg 300w, https:\/\/diadianoticias.com.br\/wp-content\/uploads\/2012\/05\/equoterapia.jpg 804w\" sizes=\"auto, (max-width: 300px) 100vw, 300px\" \/><\/a>A partir desta ter\u00e7a-feira (29), os alunos atendidos pela Apae (Associa\u00e7\u00e3o de Pais e Amigos dos Excepcionais) de Cianorte passam a contar com mais um recurso para seu desenvolvimento: o Centro de Ecoterapia Jo\u00e3o Paulo I. Localizado aos fundos do Tiro de Guerra, o espa\u00e7o, que j\u00e1 era utilizado para a pr\u00e1tica terap\u00eautica, recebeu investimentos superiores a R$ 60 mil.<\/p>\n<p>A obra \u00e9 fruto da parceria entre a associa\u00e7\u00e3o e o Governo Municipal. \u201cTemos uma rela\u00e7\u00e3o muito boa com as entidades de nossa cidade. Inclusive, fazemos o repasse anual de mais de R$ 3,2 milh\u00f5es para a manuten\u00e7\u00e3o destas organiza\u00e7\u00f5es, que fazem um belo trabalho social e contribuem com o desenvolvimento de nosso munic\u00edpio\u201d, afirmou o prefeito Edno Guimar\u00e3es.<\/p>\n<p>A presidente da Apae, Carmen de F\u00e1tima Brugin Batistella, agradeceu o apoio recebido para a realiza\u00e7\u00e3o desta obra. \u201cHoje a escola conta com praticantes de diferentes idades, que t\u00eam na equoterapia a possibilidade de ampliar suas habilidades. Com a constru\u00e7\u00e3o do picadeiro, eles ter\u00e3o garantida a continuidade do tratamento\u201d, disse.<a href=\"http:\/\/diadianoticias.com.br\/wp-content\/uploads\/2012\/05\/equoterapia-01.jpg\"><img loading=\"lazy\" decoding=\"async\" class=\"alignright size-medium wp-image-1762\" title=\"equoterapia 01\" src=\"http:\/\/diadianoticias.com.br\/wp-content\/uploads\/2012\/05\/equoterapia-01-300x199.jpg\" alt=\"\" width=\"300\" height=\"199\" srcset=\"https:\/\/diadianoticias.com.br\/wp-content\/uploads\/2012\/05\/equoterapia-01-300x199.jpg 300w, https:\/\/diadianoticias.com.br\/wp-content\/uploads\/2012\/05\/equoterapia-01-1024x679.jpg 1024w, https:\/\/diadianoticias.com.br\/wp-content\/uploads\/2012\/05\/equoterapia-01.jpg 1061w\" sizes=\"auto, (max-width: 300px) 100vw, 300px\" \/><\/a><\/p>\n<p>Para o vice-prefeito Jos\u00e9 Antonio Laguilo, a obra representa a preocupa\u00e7\u00e3o com as diversidades existentes no munic\u00edpio. \u201c\u00c9 preciso prestar servi\u00e7os que contemplem a todos os seguimentos. A constru\u00e7\u00e3o do picadeiro favorecer\u00e1 aqueles que precisam de nossa aten\u00e7\u00e3o e, contribuir\u00e1 para a amplia\u00e7\u00e3o de suas potencialidades\u201d, comentou.<\/p>\n<p>\u201cEste centro representa muito mais do que um espa\u00e7o. \u00c9 uma nova op\u00e7\u00e3o de tratamento e tamb\u00e9m uma maneira de demonstrar que estamos atentos e dispostos a oferecer o que h\u00e1 de mais avan\u00e7ado para os nossos alunos\u201d, assegurou a presidente do Legislativo Municipal, Santina Buzo.<\/p>\n<p>\u201c\u00c9 uma satisfa\u00e7\u00e3o ceder o espa\u00e7o do Tiro de Guerra para um projeto desta magnitude e emocionante acompanhar todo o carinho e aten\u00e7\u00e3o dedicados aos alunos\u201d, revelou o chefe de instru\u00e7\u00e3o do TG, Subtenente Vinicius.<\/p>\n<p>A equoterapia \u00e9 uma atividade terap\u00eautica. Com o uso de cavalo, o aluno tem a possibilidade de desenvolver aspectos biol\u00f3gicos e sociais. Exercitando todo o corpo, o praticante desenvolve a for\u00e7a muscular, relaxamento e aperfei\u00e7oamento da coordena\u00e7\u00e3o motora e do equil\u00edbrio. O trabalho \u00e9 amplo e acompanhado por psic\u00f3logo, fisioterapeuta, professor de educa\u00e7\u00e3o f\u00edsica, fonoaudi\u00f3logo e pedagogo, al\u00e9m de um guia especializado.<\/p>\n<p>Al\u00e9m das autoridades mencionadas, tamb\u00e9m estavam presentes os vereadores Valdomiro Gon\u00e7alves Pereira, Beto Guimar\u00e3es, Dad\u00e1 e Serginho; a diretora da entidade, Maria Regina Rocco Peroco; o empres\u00e1rio Milton Luiz Gurginski, que presidiu a Apae de 2004 a 2010; A diretora do N\u00facleo Regional de Educa\u00e7\u00e3o, Yolanda Cristina de Godoy; secret\u00e1rios, chefes e coordenadores municipais, representantes de entidades, diretoras municipais e estaduais, professores, \u00f3rg\u00e3os de imprensa, alunos e familiares.<\/p>\n","protected":false},"excerpt":{"rendered":"<div class=\"mh-excerpt\"><p>A partir desta ter\u00e7a-feira (29), os alunos atendidos pela Apae (Associa\u00e7\u00e3o de Pais e Amigos dos Excepcionais) de Cianorte passam a contar com mais um recurso para seu desenvolvimento: o Centro de Ecoterapia Jo\u00e3o Paulo <a class=\"mh-excerpt-more\" href=\"https:\/\/diadianoticias.com.br\/?p=1761\" title=\"Alunos da Apae ganham Centro de Equoterapia\">[&#8230;]<\/a><\/p>\n<\/div>","protected":false},"author":4,"featured_media":1763,"comment_status":"open","ping_status":"open","sticky":false,"template":"","format":"standard","meta":{"footnotes":""},"categories":[15],"tags":[],"class_list":{"0":"post-1761","1":"post","2":"type-post","3":"status-publish","4":"format-standard","5":"has-post-thumbnail","7":"category-educacao"},"_links":{"self":[{"href":"https:\/\/diadianoticias.com.br\/index.php?rest_route=\/wp\/v2\/posts\/1761","targetHints":{"allow":["GET"]}}],"collection":[{"href":"https:\/\/diadianoticias.com.br\/index.php?rest_route=\/wp\/v2\/posts"}],"about":[{"href":"https:\/\/diadianoticias.com.br\/index.php?rest_route=\/wp\/v2\/types\/post"}],"author":[{"embeddable":true,"href":"https:\/\/diadianoticias.com.br\/index.php?rest_route=\/wp\/v2\/users\/4"}],"replies":[{"embeddable":true,"href":"https:\/\/diadianoticias.com.br\/index.php?rest_route=%2Fwp%2Fv2%2Fcomments&post=1761"}],"version-history":[{"count":3,"href":"https:\/\/diadianoticias.com.br\/index.php?rest_route=\/wp\/v2\/posts\/1761\/revisions"}],"predecessor-version":[{"id":1766,"href":"https:\/\/diadianoticias.com.br\/index.php?rest_route=\/wp\/v2\/posts\/1761\/revisions\/1766"}],"wp:featuredmedia":[{"embeddable":true,"href":"https:\/\/diadianoticias.com.br\/index.php?rest_route=\/wp\/v2\/media\/1763"}],"wp:attachment":[{"href":"https:\/\/diadianoticias.com.br\/index.php?rest_route=%2Fwp%2Fv2%2Fmedia&parent=1761"}],"wp:term":[{"taxonomy":"category","embeddable":true,"href":"https:\/\/diadianoticias.com.br\/index.php?rest_route=%2Fwp%2Fv2%2Fcategories&post=1761"},{"taxonomy":"post_tag","embeddable":true,"href":"https:\/\/diadianoticias.com.br\/index.php?rest_route=%2Fwp%2Fv2%2Ftags&post=1761"}],"curies":[{"name":"wp","href":"https:\/\/api.w.org\/{rel}","templated":true}]}}