{"id":1740,"date":"2012-05-29T13:24:01","date_gmt":"2012-05-29T13:24:01","guid":{"rendered":"http:\/\/diadianoticias.com.br\/?p=1740"},"modified":"2012-05-29T13:27:44","modified_gmt":"2012-05-29T13:27:44","slug":"acidente-grave-deixa-vitima-presa-entre-as-ferragens-no-contorno-sul-em-maringa","status":"publish","type":"post","link":"https:\/\/diadianoticias.com.br\/?p=1740","title":{"rendered":"Acidente grave deixa v\u00edtima presa entre as ferragens no Contorno Sul em Maring\u00e1"},"content":{"rendered":"<figure id=\"attachment_1742\" aria-describedby=\"caption-attachment-1742\" style=\"width: 300px\" class=\"wp-caption alignleft\"><a href=\"http:\/\/diadianoticias.com.br\/wp-content\/uploads\/2012\/05\/contor-02.jpg\"><img loading=\"lazy\" decoding=\"async\" class=\"size-medium wp-image-1742\" title=\"contor 02\" src=\"http:\/\/diadianoticias.com.br\/wp-content\/uploads\/2012\/05\/contor-02-300x224.jpg\" alt=\"\" width=\"300\" height=\"224\" srcset=\"https:\/\/diadianoticias.com.br\/wp-content\/uploads\/2012\/05\/contor-02-300x224.jpg 300w, https:\/\/diadianoticias.com.br\/wp-content\/uploads\/2012\/05\/contor-02.jpg 800w\" sizes=\"auto, (max-width: 300px) 100vw, 300px\" \/><\/a><figcaption id=\"caption-attachment-1742\" class=\"wp-caption-text\">Foto: cameranorec.blogspot.com.br<\/figcaption><\/figure>\n<p>Uma colis\u00e3o frontal envolvendo um caminh\u00e3o e um carro deixou duas pessoas feridas no fim da tarde desta segunda-feira (28). \u00a0O condutor da Saveiro, Marcelo Henrique Marques Lopes, 22 anos, ficou preso nas ferragens.<\/p>\n<p>Segundo relato de testemunhas, o condutor da Saveiro \u2013 placas de Sarandi \u2013 seguia no sentido Sarandi a Maring\u00e1 quando perdeu o controle da dire\u00e7\u00e3o, invadiu a pista contr\u00e1ria e bateu de frente no caminh\u00e3o de uma empresa de log\u00edstica de Londrina que fazia entregas na cidade.\u00a0O acidente aconteceu na Avenida Prefeito Sincler Sambatti, no Contorno Sul em Maring\u00e1.<\/p>\n<figure id=\"attachment_1743\" aria-describedby=\"caption-attachment-1743\" style=\"width: 300px\" class=\"wp-caption alignright\"><a href=\"http:\/\/diadianoticias.com.br\/wp-content\/uploads\/2012\/05\/contor-01.jpg\"><img loading=\"lazy\" decoding=\"async\" class=\"size-medium wp-image-1743\" title=\"contor 01\" src=\"http:\/\/diadianoticias.com.br\/wp-content\/uploads\/2012\/05\/contor-01-300x224.jpg\" alt=\"\" width=\"300\" height=\"224\" srcset=\"https:\/\/diadianoticias.com.br\/wp-content\/uploads\/2012\/05\/contor-01-300x224.jpg 300w, https:\/\/diadianoticias.com.br\/wp-content\/uploads\/2012\/05\/contor-01.jpg 800w\" sizes=\"auto, (max-width: 300px) 100vw, 300px\" \/><\/a><figcaption id=\"caption-attachment-1743\" class=\"wp-caption-text\">Foto: cameranorec.blogspot.com.br<\/figcaption><\/figure>\n<p>O motorista do caminh\u00e3o ainda tentou desviar, por\u00e9m n\u00e3o conseguiu evitar a batida. Com o impacto, o caminh\u00e3o saiu da pista e caiu em um barranco \u00e0s margens da avenida. A pista estava molhada no momento do acidente.<\/p>\n<p>Os dois condutores ficaram feridos, o da Saveiro em estado mais grave. Depois de cerca de 30 minutos preso as ferragens, Lopes foi socorrido com escoria\u00e7\u00f5es de cr\u00e2nio, face e uma suspeita de fratura no bra\u00e7o esquerdo. Ele foi encaminhado ao Hospital Metropolitano de Sarandi enquanto a outra v\u00edtima foi conduzida para a Santa Casa de Maring\u00e1.<\/p>\n<figure id=\"attachment_1741\" aria-describedby=\"caption-attachment-1741\" style=\"width: 300px\" class=\"wp-caption alignleft\"><a href=\"http:\/\/diadianoticias.com.br\/wp-content\/uploads\/2012\/05\/contor-03.jpg\"><img loading=\"lazy\" decoding=\"async\" class=\"size-medium wp-image-1741\" title=\"contor 03\" src=\"http:\/\/diadianoticias.com.br\/wp-content\/uploads\/2012\/05\/contor-03-300x224.jpg\" alt=\"\" width=\"300\" height=\"224\" srcset=\"https:\/\/diadianoticias.com.br\/wp-content\/uploads\/2012\/05\/contor-03-300x224.jpg 300w, https:\/\/diadianoticias.com.br\/wp-content\/uploads\/2012\/05\/contor-03.jpg 800w\" sizes=\"auto, (max-width: 300px) 100vw, 300px\" \/><\/a><figcaption id=\"caption-attachment-1741\" class=\"wp-caption-text\">Foto: cameranorec.blogspot.com.br<\/figcaption><\/figure>\n<p>&nbsp;<\/p>\n<p>&nbsp;<\/p>\n<p>&nbsp;<\/p>\n<p>&nbsp;<\/p>\n<p>&nbsp;<\/p>\n<p>&nbsp;<\/p>\n<p>(Informa\u00e7\u00f5es O Di\u00e1rio)<\/p>\n","protected":false},"excerpt":{"rendered":"<div class=\"mh-excerpt\"><p>Uma colis\u00e3o frontal envolvendo um caminh\u00e3o e um carro deixou duas pessoas feridas no fim da tarde desta segunda-feira (28). \u00a0O condutor da Saveiro, Marcelo Henrique Marques Lopes, 22 anos, ficou preso nas ferragens. Segundo <a class=\"mh-excerpt-more\" href=\"https:\/\/diadianoticias.com.br\/?p=1740\" title=\"Acidente grave deixa v\u00edtima presa entre as ferragens no Contorno Sul em Maring\u00e1\">[&#8230;]<\/a><\/p>\n<\/div>","protected":false},"author":4,"featured_media":1742,"comment_status":"open","ping_status":"open","sticky":false,"template":"","format":"standard","meta":{"footnotes":""},"categories":[8],"tags":[],"class_list":{"0":"post-1740","1":"post","2":"type-post","3":"status-publish","4":"format-standard","5":"has-post-thumbnail","7":"category-regionais"},"_links":{"self":[{"href":"https:\/\/diadianoticias.com.br\/index.php?rest_route=\/wp\/v2\/posts\/1740","targetHints":{"allow":["GET"]}}],"collection":[{"href":"https:\/\/diadianoticias.com.br\/index.php?rest_route=\/wp\/v2\/posts"}],"about":[{"href":"https:\/\/diadianoticias.com.br\/index.php?rest_route=\/wp\/v2\/types\/post"}],"author":[{"embeddable":true,"href":"https:\/\/diadianoticias.com.br\/index.php?rest_route=\/wp\/v2\/users\/4"}],"replies":[{"embeddable":true,"href":"https:\/\/diadianoticias.com.br\/index.php?rest_route=%2Fwp%2Fv2%2Fcomments&post=1740"}],"version-history":[{"count":3,"href":"https:\/\/diadianoticias.com.br\/index.php?rest_route=\/wp\/v2\/posts\/1740\/revisions"}],"predecessor-version":[{"id":1745,"href":"https:\/\/diadianoticias.com.br\/index.php?rest_route=\/wp\/v2\/posts\/1740\/revisions\/1745"}],"wp:featuredmedia":[{"embeddable":true,"href":"https:\/\/diadianoticias.com.br\/index.php?rest_route=\/wp\/v2\/media\/1742"}],"wp:attachment":[{"href":"https:\/\/diadianoticias.com.br\/index.php?rest_route=%2Fwp%2Fv2%2Fmedia&parent=1740"}],"wp:term":[{"taxonomy":"category","embeddable":true,"href":"https:\/\/diadianoticias.com.br\/index.php?rest_route=%2Fwp%2Fv2%2Fcategories&post=1740"},{"taxonomy":"post_tag","embeddable":true,"href":"https:\/\/diadianoticias.com.br\/index.php?rest_route=%2Fwp%2Fv2%2Ftags&post=1740"}],"curies":[{"name":"wp","href":"https:\/\/api.w.org\/{rel}","templated":true}]}}