{"id":1700,"date":"2012-05-24T16:54:19","date_gmt":"2012-05-24T16:54:19","guid":{"rendered":""},"modified":"2012-05-24T16:54:19","modified_gmt":"2012-05-24T16:54:19","slug":"colis?o-frontal-entre-carro-e-caminh?o-provoca-morte-de-motorista-na-pr-323","status":"publish","type":"post","link":"https:\/\/diadianoticias.com.br\/?p=1700","title":{"rendered":"COLIS\u00c3O FRONTAL ENTRE CARRO E CAMINH\u00c3O PROVOCA MORTE DE MOTORISTA NA PR-323"},"content":{"rendered":"<p>No in\u00edcio da madrugada desta quinta-feira(24), um grave acidente com morte aconteceu no km 228 da rodovia PR-323, pr\u00f3ximo a Baterias J\u00fapiter em Cianorte. Um ve\u00edculo Passat colidiu frontalmente com um Caminh\u00e3o. O motorista do Passat teve morte instant\u00e2nea.<br \/>\nChovia muito no momento do acidente, quando por volta da 00h50,  Evanildo Rodrigues de Oliveira, 26 anos, conduzindo um ve\u00edculo VW\/Passat com placas de Cianorte, perdeu o controle, invadiu a pista contr\u00e1ria e bateu frontalmente com o Caminh\u00e3o VW 24.250 com placas de Cruzeiro do Oeste, que era conduzido por H. G., de 57 anos.<br \/>\nDe acordo com a Pol\u00edcia Rodovi\u00e1ria, o Passat seguia sentido Cianorte \u00e0 Tapejara e o caminh\u00e3o no sentido contr\u00e1rio. Os policiais acreditam que o Passat tenha aquaplanado na pista e causado o acidente.<br \/>\nOliveira, ficou preso entre as ferragens e morreu no local do acidente. Ele residia em Cianorte. O condutor do caminh\u00e3o, n\u00e3o se feriu.<\/p>\n<p>(Informa\u00e7\u00f5es e fotos Noti-cia)<\/p>\n","protected":false},"excerpt":{"rendered":"<div class=\"mh-excerpt\"><p>No in\u00edcio da madrugada desta quinta-feira(24), um grave acidente com morte aconteceu no km 228 da rodovia PR-323, pr\u00f3ximo a Baterias J\u00fapiter em Cianorte. Um ve\u00edculo Passat colidiu frontalmente com um Caminh\u00e3o. O motorista do <a class=\"mh-excerpt-more\" href=\"https:\/\/diadianoticias.com.br\/?p=1700\" title=\"COLIS\u00c3O FRONTAL ENTRE CARRO E CAMINH\u00c3O PROVOCA MORTE DE MOTORISTA NA PR-323\">[&#8230;]<\/a><\/p>\n<\/div>","protected":false},"author":0,"featured_media":0,"comment_status":"open","ping_status":"open","sticky":false,"template":"","format":"standard","meta":{"footnotes":""},"categories":[12],"tags":[],"class_list":{"0":"post-1700","1":"post","2":"type-post","3":"status-publish","4":"format-standard","6":"category-cidade"},"_links":{"self":[{"href":"https:\/\/diadianoticias.com.br\/index.php?rest_route=\/wp\/v2\/posts\/1700","targetHints":{"allow":["GET"]}}],"collection":[{"href":"https:\/\/diadianoticias.com.br\/index.php?rest_route=\/wp\/v2\/posts"}],"about":[{"href":"https:\/\/diadianoticias.com.br\/index.php?rest_route=\/wp\/v2\/types\/post"}],"replies":[{"embeddable":true,"href":"https:\/\/diadianoticias.com.br\/index.php?rest_route=%2Fwp%2Fv2%2Fcomments&post=1700"}],"version-history":[{"count":0,"href":"https:\/\/diadianoticias.com.br\/index.php?rest_route=\/wp\/v2\/posts\/1700\/revisions"}],"wp:attachment":[{"href":"https:\/\/diadianoticias.com.br\/index.php?rest_route=%2Fwp%2Fv2%2Fmedia&parent=1700"}],"wp:term":[{"taxonomy":"category","embeddable":true,"href":"https:\/\/diadianoticias.com.br\/index.php?rest_route=%2Fwp%2Fv2%2Fcategories&post=1700"},{"taxonomy":"post_tag","embeddable":true,"href":"https:\/\/diadianoticias.com.br\/index.php?rest_route=%2Fwp%2Fv2%2Ftags&post=1700"}],"curies":[{"name":"wp","href":"https:\/\/api.w.org\/{rel}","templated":true}]}}