{"id":1691,"date":"2012-05-21T16:54:19","date_gmt":"2012-05-21T16:54:19","guid":{"rendered":""},"modified":"2012-05-21T16:54:19","modified_gmt":"2012-05-21T16:54:19","slug":"motociclista-bate-contra-carreta-parada-e-fica-gravemente-ferido-na-av.-am?rica","status":"publish","type":"post","link":"https:\/\/diadianoticias.com.br\/?p=1691","title":{"rendered":"MOTOCICLISTA BATE CONTRA CARRETA PARADA E FICA GRAVEMENTE FERIDO NA AV. AM\u00c9RICA"},"content":{"rendered":"<p>No in\u00edcio da manh\u00e3 desta segunda-feira(21), por volta das 07h30, um grave acidente  ocorreu na Av. Am\u00e9rica pr\u00f3ximo ao Batalh\u00e3o da Policia Militar.<br \/>\nUm motociclista que seguia sentido bairro centro conduzindo uma  moto Honda Titan Fan 125 acabou colidindo violentamente contra uma carreta que estava devidamente estacionada na avenida.<br \/>\nO corpo de bombeiros esteve no local para dar atendimento a v\u00edtima. O jovem E.A.R, de 22  anos, teve fratura exposta em uma das pernas e foi encaminhado para o Hospital S\u00e3o Paulo com ferimentos considerados graves, por\u00e9m sem risco a vida.<br \/>\nNo local j\u00e1 foram registrados diversos acidentes envolvendo motociclistas e ciclistas e em muitos casos com situa\u00e7\u00e3o grave das v\u00edtimas.<br \/>\nOs raios solares contra a vis\u00e3o do motociclista pode ser o motivo que fez com que o mesmo n\u00e3o tenha visto a carreta.<\/p>\n","protected":false},"excerpt":{"rendered":"<div class=\"mh-excerpt\"><p>No in\u00edcio da manh\u00e3 desta segunda-feira(21), por volta das 07h30, um grave acidente ocorreu na Av. Am\u00e9rica pr\u00f3ximo ao Batalh\u00e3o da Policia Militar. Um motociclista que seguia sentido bairro centro conduzindo uma moto Honda Titan <a class=\"mh-excerpt-more\" href=\"https:\/\/diadianoticias.com.br\/?p=1691\" title=\"MOTOCICLISTA BATE CONTRA CARRETA PARADA E FICA GRAVEMENTE FERIDO NA AV. AM\u00c9RICA\">[&#8230;]<\/a><\/p>\n<\/div>","protected":false},"author":0,"featured_media":0,"comment_status":"open","ping_status":"open","sticky":false,"template":"","format":"standard","meta":{"footnotes":""},"categories":[5],"tags":[],"class_list":{"0":"post-1691","1":"post","2":"type-post","3":"status-publish","4":"format-standard","6":"category-policiais"},"_links":{"self":[{"href":"https:\/\/diadianoticias.com.br\/index.php?rest_route=\/wp\/v2\/posts\/1691","targetHints":{"allow":["GET"]}}],"collection":[{"href":"https:\/\/diadianoticias.com.br\/index.php?rest_route=\/wp\/v2\/posts"}],"about":[{"href":"https:\/\/diadianoticias.com.br\/index.php?rest_route=\/wp\/v2\/types\/post"}],"replies":[{"embeddable":true,"href":"https:\/\/diadianoticias.com.br\/index.php?rest_route=%2Fwp%2Fv2%2Fcomments&post=1691"}],"version-history":[{"count":0,"href":"https:\/\/diadianoticias.com.br\/index.php?rest_route=\/wp\/v2\/posts\/1691\/revisions"}],"wp:attachment":[{"href":"https:\/\/diadianoticias.com.br\/index.php?rest_route=%2Fwp%2Fv2%2Fmedia&parent=1691"}],"wp:term":[{"taxonomy":"category","embeddable":true,"href":"https:\/\/diadianoticias.com.br\/index.php?rest_route=%2Fwp%2Fv2%2Fcategories&post=1691"},{"taxonomy":"post_tag","embeddable":true,"href":"https:\/\/diadianoticias.com.br\/index.php?rest_route=%2Fwp%2Fv2%2Ftags&post=1691"}],"curies":[{"name":"wp","href":"https:\/\/api.w.org\/{rel}","templated":true}]}}