{"id":1672,"date":"2012-05-16T16:54:19","date_gmt":"2012-05-16T16:54:19","guid":{"rendered":""},"modified":"2012-05-16T16:54:19","modified_gmt":"2012-05-16T16:54:19","slug":"radialista-assassinada-estaria-envolvida-com-o-tr?fico","status":"publish","type":"post","link":"https:\/\/diadianoticias.com.br\/?p=1672","title":{"rendered":"RADIALISTA ASSASSINADA ESTARIA ENVOLVIDA COM O TR\u00c1FICO"},"content":{"rendered":"<p>A Pol\u00edcia Civil de Sarandi n\u00e3o tem d\u00favidas sobre a causa do assassinato da ex-locutora de r\u00e1dio de Gua\u00edra, M\u00f4nica Aparecida Ferreira de Lima, de 41 anos. Conforme o superintendente Carlos de Oliveira, ela estaria envolvida com o tr\u00e1fico de drogas. A mulher foi alvejada com v\u00e1rios tiros no domingo (13) \u00e0 noite, na periferia de Sarandi.<br \/>\n&#8220;M\u00f4nica j\u00e1 foi presa em Gua\u00edra pela Pol\u00edcia Federal por tr\u00e1fico de entorpecentes e de armas, fazendo o transporte do Paraguai para o Brasil. Ela tamb\u00e9m \u00e9 suspeita em casos de homic\u00eddios na regi\u00e3o da fronteira&#8221;, fala Oliveira.<br \/>\nO superintendente acredita que grupos que disputam o tr\u00e1fico na regi\u00e3o foram os respons\u00e1veis pela morte dela, e tamb\u00e9m pelo atentado contra Ana Carolina Dziuba, de 20 anos, amiga de M\u00f4nica.<br \/>\n&#8220;Ana foi baleada no Jardim Ouro Verde em abril, e est\u00e1 em estado grave no Hospital Metropolitano. Ela era viciada em crack e j\u00e1 esteve presa em Londrina por roubo. Conforme relatos que colhemos, Ana estava traficando para M\u00f4nica para sustentar o v\u00edcio&#8221;, fala o investigador.<br \/>\nOs policiais agora procuram pelo ve\u00edculo usado pelas duas amigas: um Gol cinza, quatro portas, com placa de Ibipor\u00e3. &#8220;Elas utilizavam esse carro para fazer as entregas em Sarandi, mas at\u00e9 agora n\u00e3o sabemos onde est\u00e1. Esperamos encontrar o autom\u00f3vel para chegar aos autores do crime&#8221;, ressalta.<\/p>\n<p>(Informa\u00e7\u00f5es O Di\u00e1rio)<\/p>\n","protected":false},"excerpt":{"rendered":"<div class=\"mh-excerpt\"><p>A Pol\u00edcia Civil de Sarandi n\u00e3o tem d\u00favidas sobre a causa do assassinato da ex-locutora de r\u00e1dio de Gua\u00edra, M\u00f4nica Aparecida Ferreira de Lima, de 41 anos. Conforme o superintendente Carlos de Oliveira, ela estaria <a class=\"mh-excerpt-more\" href=\"https:\/\/diadianoticias.com.br\/?p=1672\" title=\"RADIALISTA ASSASSINADA ESTARIA ENVOLVIDA COM O TR\u00c1FICO\">[&#8230;]<\/a><\/p>\n<\/div>","protected":false},"author":0,"featured_media":0,"comment_status":"open","ping_status":"open","sticky":false,"template":"","format":"standard","meta":{"footnotes":""},"categories":[8],"tags":[],"class_list":{"0":"post-1672","1":"post","2":"type-post","3":"status-publish","4":"format-standard","6":"category-regionais"},"_links":{"self":[{"href":"https:\/\/diadianoticias.com.br\/index.php?rest_route=\/wp\/v2\/posts\/1672","targetHints":{"allow":["GET"]}}],"collection":[{"href":"https:\/\/diadianoticias.com.br\/index.php?rest_route=\/wp\/v2\/posts"}],"about":[{"href":"https:\/\/diadianoticias.com.br\/index.php?rest_route=\/wp\/v2\/types\/post"}],"replies":[{"embeddable":true,"href":"https:\/\/diadianoticias.com.br\/index.php?rest_route=%2Fwp%2Fv2%2Fcomments&post=1672"}],"version-history":[{"count":0,"href":"https:\/\/diadianoticias.com.br\/index.php?rest_route=\/wp\/v2\/posts\/1672\/revisions"}],"wp:attachment":[{"href":"https:\/\/diadianoticias.com.br\/index.php?rest_route=%2Fwp%2Fv2%2Fmedia&parent=1672"}],"wp:term":[{"taxonomy":"category","embeddable":true,"href":"https:\/\/diadianoticias.com.br\/index.php?rest_route=%2Fwp%2Fv2%2Fcategories&post=1672"},{"taxonomy":"post_tag","embeddable":true,"href":"https:\/\/diadianoticias.com.br\/index.php?rest_route=%2Fwp%2Fv2%2Ftags&post=1672"}],"curies":[{"name":"wp","href":"https:\/\/api.w.org\/{rel}","templated":true}]}}