{"id":1669,"date":"2012-05-13T16:54:19","date_gmt":"2012-05-13T16:54:19","guid":{"rendered":""},"modified":"2012-05-13T16:54:19","modified_gmt":"2012-05-13T16:54:19","slug":"menos-de-48-horas-ap?s-ser-preso,-jovem-acusado-de-matar-deficiente-em-cianorte-foge-da-cadeia","status":"publish","type":"post","link":"https:\/\/diadianoticias.com.br\/?p=1669","title":{"rendered":"MENOS DE 48 HORAS AP\u00d3S SER PRESO, JOVEM ACUSADO DE MATAR DEFICIENTE EM CIANORTE FOGE DA CADEIA"},"content":{"rendered":"<p>Menos de 48 horas ap\u00f3s ser preso na cidade de Paraiso do Norte em um assalto frustrado, o jovem, Allef Kesley Gomes dos Santos, conhecido como ?Ioi\u00f4, fugiu da cadeia.<br \/>\nA fuga aconteceu na noite deste s\u00e1bado (12) por volta das 23h00min, onde Ioi\u00f4 e mais tr\u00eas detentos fugiram da carceragem da cadeia publica de Paraiso do Norte.<br \/>\nO jovem \u00e9 suspeito de ter matado em 2011, a jovem Erika Patr\u00edcia dos Santos Gabriel, 19 anos. A jovem que possuia problemas mentais, foi baleada na madrugada do dia 11 de Setembro de 2011 em Cianorte.<br \/>\nNo dia do crime ?Ioi\u00f4&#8221; era menor de idade, com 17 anos.<br \/>\nDe acordo com as informa\u00e7\u00f5es, o jovem  ?Ioi\u00f4?  teria participa\u00e7\u00e3o em pelo menos seis homic\u00eddios na regi\u00e3o de Paranava\u00ed.<br \/>\nA Pol\u00edcia continua procurando os foragidos.<\/p>\n","protected":false},"excerpt":{"rendered":"<div class=\"mh-excerpt\"><p>Menos de 48 horas ap\u00f3s ser preso na cidade de Paraiso do Norte em um assalto frustrado, o jovem, Allef Kesley Gomes dos Santos, conhecido como ?Ioi\u00f4, fugiu da cadeia. A fuga aconteceu na noite <a class=\"mh-excerpt-more\" href=\"https:\/\/diadianoticias.com.br\/?p=1669\" title=\"MENOS DE 48 HORAS AP\u00d3S SER PRESO, JOVEM ACUSADO DE MATAR DEFICIENTE EM CIANORTE FOGE DA CADEIA\">[&#8230;]<\/a><\/p>\n<\/div>","protected":false},"author":0,"featured_media":0,"comment_status":"open","ping_status":"open","sticky":false,"template":"","format":"standard","meta":{"footnotes":""},"categories":[8],"tags":[],"class_list":{"0":"post-1669","1":"post","2":"type-post","3":"status-publish","4":"format-standard","6":"category-regionais"},"_links":{"self":[{"href":"https:\/\/diadianoticias.com.br\/index.php?rest_route=\/wp\/v2\/posts\/1669","targetHints":{"allow":["GET"]}}],"collection":[{"href":"https:\/\/diadianoticias.com.br\/index.php?rest_route=\/wp\/v2\/posts"}],"about":[{"href":"https:\/\/diadianoticias.com.br\/index.php?rest_route=\/wp\/v2\/types\/post"}],"replies":[{"embeddable":true,"href":"https:\/\/diadianoticias.com.br\/index.php?rest_route=%2Fwp%2Fv2%2Fcomments&post=1669"}],"version-history":[{"count":0,"href":"https:\/\/diadianoticias.com.br\/index.php?rest_route=\/wp\/v2\/posts\/1669\/revisions"}],"wp:attachment":[{"href":"https:\/\/diadianoticias.com.br\/index.php?rest_route=%2Fwp%2Fv2%2Fmedia&parent=1669"}],"wp:term":[{"taxonomy":"category","embeddable":true,"href":"https:\/\/diadianoticias.com.br\/index.php?rest_route=%2Fwp%2Fv2%2Fcategories&post=1669"},{"taxonomy":"post_tag","embeddable":true,"href":"https:\/\/diadianoticias.com.br\/index.php?rest_route=%2Fwp%2Fv2%2Ftags&post=1669"}],"curies":[{"name":"wp","href":"https:\/\/api.w.org\/{rel}","templated":true}]}}