{"id":1668,"date":"2012-05-11T16:54:19","date_gmt":"2012-05-11T16:54:19","guid":{"rendered":""},"modified":"2012-05-11T16:54:19","modified_gmt":"2012-05-11T16:54:19","slug":"jovem-acusado-de-homic?dio-em-cianorte-?-preso-em-paraiso-do-norte","status":"publish","type":"post","link":"https:\/\/diadianoticias.com.br\/?p=1668","title":{"rendered":"JOVEM ACUSADO DE HOMIC\u00cdDIO EM CIANORTE \u00c9 PRESO EM PARAISO DO NORTE"},"content":{"rendered":"<p>Um jovem conhecido como Ioi\u00f4 foi preso por policiais da cidade de Para\u00edso do Norte-PR. O rapaz estava sendo procurado pela justi\u00e7a acusado de participa\u00e7\u00e3o no homic\u00eddio de uma jovem portadora de defici\u00eancia mental na cidade de Cianorte. Ele deve ser agora transferido para a Delegacia de Policia de Cianorte.<\/p>\n<p>Entenda o caso:<\/p>\n<p>Na madrugada do dia 11 de Setembro de 2011, um confronto armado entre jovens, acabou em morte na regi\u00e3o central de Cianorte.<br \/>\nJonas de Oliveira Pasco, 20 anos chegou a ser levado com vida ao Hospital S\u00e3o Paulo, mas n\u00e3o resistiu aos ferimentos e morreu.<br \/>\nO homic\u00eddio ocorreu por volta das 0h20, na Avenida Souza Naves, em frente a Casas Pernambucanas. Durante o tiroteio, outros dois jovens tamb\u00e9m foram baleados, sendo Evandro dos Santos Gabriel, 21 anos, e uma adolescente de 17 anos, namorada do Jonas, (v\u00edtima do homic\u00eddio). A mo\u00e7a foi ferida no ombro esquerdo.<br \/>\nSegundo informa\u00e7\u00f5es de testemunhas, Evandro seria o autor dos disparos que vitimou o jovem rapaz. Ele portava um rev\u00f3lver calibre 38. Ainda se envolveram no confronto Julio C\u00e9zar da Silva, 19 anos, e um adolescente de 17 anos.<br \/>\nJonas chegou a ser socorrido com vida pelo Corpo de Bombeiros, mas n\u00e3o resistiu aos ferimentos e morreu logo ap\u00f3s dar entrada no Hospital S\u00e3o Paulo. Evandro tamb\u00e9m foi levado \u00e0 unidade hospitalar sob escolta policial, at\u00e9 a libera\u00e7\u00e3o m\u00e9dica, pois foi atingido por um tiro no ombro direito.<br \/>\nAssim que recebeu alta medica, o acusado foi conduzido a 51\u00aa Delegacia Regional de Pol\u00edcia Civil, onde foi autuado por homic\u00eddio, tentativa de homic\u00eddio e porte ilegal de arma. As causas do entrevero, seria uma richa antiga entre os envolvidos.<\/p>\n<p>Vingan\u00e7a<\/p>\n<p>Instantes depois, por volta de 1h50, Julio Cesar e o adolescente ao saberem da morte do amigo Jonas foram at\u00e9 a casa de Evandro, na rua Londrina, pr\u00f3ximo ao Est\u00e1dio Albino Turbay e dispararam oito tiros de calibre 380 em Erica Patricio dos Santos, 19 anos, irm\u00e3 do acusado.<br \/>\nA jovem que tinha problemas mentais, n\u00e3o falava e tinha dificuldades na vis\u00e3o, foi socorrida em estado grave pelo Siate do Corpo de Bombeiros e encaminhada ao Hospital S\u00e3o Paulo, onde n\u00e3o resistiu aos ferimentos e veio a \u00f3bito.<\/p>\n<p>Pris\u00e3o<\/p>\n<p>O acusado de ter atirado contra a garota, Julio Cesar foi preso momentos depois, por volta das 2h45, em sua resid\u00eancia na rua Santar\u00e9m, na Vila Operaria.<br \/>\nNo local os policiais localizaram a motocicleta Yamaha\/YBR, 125 K, cor preta, placa API-8910, pertencente a Jonas Pasco, v\u00edtima de disparo de arma de fogo, e tamb\u00e9m a Honda\/Titan CG 125, ano 2003, vermelha, placa ALJ-8576, de propriedade de Julio.<br \/>\nAos policiais militares, o rapaz confessou que horas antes estava na avenida Souza Naves, onde houve a troca de tiros. Afirmou ainda ter participado da tentativa de homic\u00eddio contra Erica, mas disse que apenas conduzia a moto at\u00e9 o local e que o adolescente \u00e9 quem teria efetuado os disparos.<br \/>\nEle foi detido e levado para a Delegacia de Pol\u00edcia, juntamente com as motocicletas.<\/p>\n","protected":false},"excerpt":{"rendered":"<div class=\"mh-excerpt\"><p>Um jovem conhecido como Ioi\u00f4 foi preso por policiais da cidade de Para\u00edso do Norte-PR. O rapaz estava sendo procurado pela justi\u00e7a acusado de participa\u00e7\u00e3o no homic\u00eddio de uma jovem portadora de defici\u00eancia mental na <a class=\"mh-excerpt-more\" href=\"https:\/\/diadianoticias.com.br\/?p=1668\" title=\"JOVEM ACUSADO DE HOMIC\u00cdDIO EM CIANORTE \u00c9 PRESO EM PARAISO DO NORTE\">[&#8230;]<\/a><\/p>\n<\/div>","protected":false},"author":0,"featured_media":0,"comment_status":"open","ping_status":"open","sticky":false,"template":"","format":"standard","meta":{"footnotes":""},"categories":[5],"tags":[],"class_list":{"0":"post-1668","1":"post","2":"type-post","3":"status-publish","4":"format-standard","6":"category-policiais"},"_links":{"self":[{"href":"https:\/\/diadianoticias.com.br\/index.php?rest_route=\/wp\/v2\/posts\/1668","targetHints":{"allow":["GET"]}}],"collection":[{"href":"https:\/\/diadianoticias.com.br\/index.php?rest_route=\/wp\/v2\/posts"}],"about":[{"href":"https:\/\/diadianoticias.com.br\/index.php?rest_route=\/wp\/v2\/types\/post"}],"replies":[{"embeddable":true,"href":"https:\/\/diadianoticias.com.br\/index.php?rest_route=%2Fwp%2Fv2%2Fcomments&post=1668"}],"version-history":[{"count":0,"href":"https:\/\/diadianoticias.com.br\/index.php?rest_route=\/wp\/v2\/posts\/1668\/revisions"}],"wp:attachment":[{"href":"https:\/\/diadianoticias.com.br\/index.php?rest_route=%2Fwp%2Fv2%2Fmedia&parent=1668"}],"wp:term":[{"taxonomy":"category","embeddable":true,"href":"https:\/\/diadianoticias.com.br\/index.php?rest_route=%2Fwp%2Fv2%2Fcategories&post=1668"},{"taxonomy":"post_tag","embeddable":true,"href":"https:\/\/diadianoticias.com.br\/index.php?rest_route=%2Fwp%2Fv2%2Ftags&post=1668"}],"curies":[{"name":"wp","href":"https:\/\/api.w.org\/{rel}","templated":true}]}}