{"id":1650,"date":"2012-05-02T16:54:19","date_gmt":"2012-05-02T16:54:19","guid":{"rendered":""},"modified":"2012-05-02T16:54:19","modified_gmt":"2012-05-02T16:54:19","slug":"jovem-detida-acusada-de-tr?fico-escondia-drogas-em-bolsa-de-beb?","status":"publish","type":"post","link":"https:\/\/diadianoticias.com.br\/?p=1650","title":{"rendered":"JOVEM DETIDA ACUSADA DE TR\u00c1FICO ESCONDIA DROGAS EM BOLSA DE BEB\u00ca"},"content":{"rendered":"<p>No in\u00edcio da tarde desta ter\u00e7a feira(01), ap\u00f3s uma den\u00fancia an\u00f4nima, uma jovem de 19 anos foi presa sob acusa\u00e7\u00e3o de tr\u00e1fico drogas na Pra\u00e7a dos Sa\u00edras na Vila Sete em Cianorte. Por volta das 12h00, Policiais Militares abordaram a jovem identificada pelas iniciais N.S. S., 19 anos, e em sua bolsa foi localizado um inv\u00f3lucro contendo 0,58 gramas de maconha.<br \/>\nA jovem no intuito de n\u00e3o chamar aten\u00e7\u00e3o quanto ao tr\u00e1fico estava com uma crian\u00e7a de colo no momento da abordagem.<br \/>\nNa companhia da jovem havia um menor de 14 anos, e tamb\u00e9m foi submetido a uma revista, onde foi encontrado no seu bolso um inv\u00f3lucro, contendo 0,06 gramas da mesma droga.<br \/>\nFoi dado voz de pris\u00e3o \u00e0 mulher e apreens\u00e3o ao menor e  ambos  foram conduzidoss juntamente com a droga \u00e0 Delegacia de Policia de Cianorte, para as medidas judici\u00e1rias.<\/p>\n","protected":false},"excerpt":{"rendered":"<div class=\"mh-excerpt\"><p>No in\u00edcio da tarde desta ter\u00e7a feira(01), ap\u00f3s uma den\u00fancia an\u00f4nima, uma jovem de 19 anos foi presa sob acusa\u00e7\u00e3o de tr\u00e1fico drogas na Pra\u00e7a dos Sa\u00edras na Vila Sete em Cianorte. Por volta das <a class=\"mh-excerpt-more\" href=\"https:\/\/diadianoticias.com.br\/?p=1650\" title=\"JOVEM DETIDA ACUSADA DE TR\u00c1FICO ESCONDIA DROGAS EM BOLSA DE BEB\u00ca\">[&#8230;]<\/a><\/p>\n<\/div>","protected":false},"author":0,"featured_media":0,"comment_status":"open","ping_status":"open","sticky":false,"template":"","format":"standard","meta":{"footnotes":""},"categories":[5],"tags":[],"class_list":{"0":"post-1650","1":"post","2":"type-post","3":"status-publish","4":"format-standard","6":"category-policiais"},"_links":{"self":[{"href":"https:\/\/diadianoticias.com.br\/index.php?rest_route=\/wp\/v2\/posts\/1650","targetHints":{"allow":["GET"]}}],"collection":[{"href":"https:\/\/diadianoticias.com.br\/index.php?rest_route=\/wp\/v2\/posts"}],"about":[{"href":"https:\/\/diadianoticias.com.br\/index.php?rest_route=\/wp\/v2\/types\/post"}],"replies":[{"embeddable":true,"href":"https:\/\/diadianoticias.com.br\/index.php?rest_route=%2Fwp%2Fv2%2Fcomments&post=1650"}],"version-history":[{"count":0,"href":"https:\/\/diadianoticias.com.br\/index.php?rest_route=\/wp\/v2\/posts\/1650\/revisions"}],"wp:attachment":[{"href":"https:\/\/diadianoticias.com.br\/index.php?rest_route=%2Fwp%2Fv2%2Fmedia&parent=1650"}],"wp:term":[{"taxonomy":"category","embeddable":true,"href":"https:\/\/diadianoticias.com.br\/index.php?rest_route=%2Fwp%2Fv2%2Fcategories&post=1650"},{"taxonomy":"post_tag","embeddable":true,"href":"https:\/\/diadianoticias.com.br\/index.php?rest_route=%2Fwp%2Fv2%2Ftags&post=1650"}],"curies":[{"name":"wp","href":"https:\/\/api.w.org\/{rel}","templated":true}]}}