{"id":15984,"date":"2015-01-30T00:29:29","date_gmt":"2015-01-30T00:29:29","guid":{"rendered":"http:\/\/diadianoticias.com.br\/?p=15984"},"modified":"2015-01-30T00:29:29","modified_gmt":"2015-01-30T00:29:29","slug":"apos-aumento-richa-abre-mao-do-salario-de-janeiro-e-determina-que-secretarios-facam-o-mesmo","status":"publish","type":"post","link":"https:\/\/diadianoticias.com.br\/?p=15984","title":{"rendered":"Ap\u00f3s aumento, Richa abre m\u00e3o do sal\u00e1rio de janeiro e determina que secret\u00e1rios fa\u00e7am o mesmo"},"content":{"rendered":"<figure id=\"attachment_15985\" aria-describedby=\"caption-attachment-15985\" style=\"width: 300px\" class=\"wp-caption alignleft\"><a href=\"http:\/\/diadianoticias.com.br\/wp-content\/uploads\/2015\/01\/richa1.jpg\"><img loading=\"lazy\" decoding=\"async\" class=\"size-medium wp-image-15985\" src=\"http:\/\/diadianoticias.com.br\/wp-content\/uploads\/2015\/01\/richa1-300x200.jpg\" alt=\"Foto: Divulga\u00e7\u00e3o AEN-PR\" width=\"300\" height=\"200\" \/><\/a><figcaption id=\"caption-attachment-15985\" class=\"wp-caption-text\">Foto: Divulga\u00e7\u00e3o AEN-PR<\/figcaption><\/figure>\n<p style=\"text-align: justify;\">O governador Beto Richa abriu m\u00e3o da remunera\u00e7\u00e3o mensal (subs\u00eddio) a que tem direito no m\u00eas de janeiro e determinou que a mesma medida seja cumprida pela vice-governadora Cida Borghetti, pelos secret\u00e1rios de Estado e secret\u00e1rios especiais. A resolu\u00e7\u00e3o foi publicada nesta quinta-feira (29), ap\u00f3s nesta semana o jornal Gazeta do Povo tornar p\u00fablico o aumento nosal\u00e1rio do governador e dos secret\u00e1rios.\u00a0Detalhe \u00e9 que, de acordo com o decreto, o sal\u00e1rio n\u00e3o foi cancelado e\u00a0pode ser recebido\u00a0pelo alto escal\u00e3o em outros meses. Ou seja, abre-se m\u00e3o de receb\u00ea-lo em janeiro, o que n\u00e3o significa o cancelamento do benef\u00edcio.<\/p>\n<p style=\"text-align: justify;\">Evitando entrar em pol\u00eamica, Richa disse por meio do site do governo que a medida foi adotada para o ajuste fiscal do Estado, em raz\u00e3o das perspectivas negativas em rela\u00e7\u00e3o \u00e0 economia nacional. \u201c\u00c9 uma contribui\u00e7\u00e3o da nossa equipe para o ajuste das contas do governo. Este ano de 2015 ser\u00e1 muito dif\u00edcil para o Pa\u00eds\u201d, disse o governador.<\/p>\n<p style=\"text-align: justify;\">Segundo a Gazeta do Povo, Richa teve seu sal\u00e1rio reajustado de R$ 29,4 mil para R$ 33,7 mil. O mesmo aconteceu com os secret\u00e1rios, que est\u00e3o recebendo um sal\u00e1rio de R$ 23,6 mil. O sal\u00e1rio do alto escal\u00e3o de Richa \u00e9 o maior do Brasil. N\u00e3o h\u00e1 informa\u00e7\u00e3o se eles ir\u00e3o abrir m\u00e3o do valor nos pr\u00f3ximos meses.<\/p>\n<p><em>(Banda B)<\/em><\/p>\n","protected":false},"excerpt":{"rendered":"<div class=\"mh-excerpt\"><p>O governador Beto Richa abriu m\u00e3o da remunera\u00e7\u00e3o mensal (subs\u00eddio) a que tem direito no m\u00eas de janeiro e determinou que a mesma medida seja cumprida pela vice-governadora Cida Borghetti, pelos secret\u00e1rios de Estado e <a class=\"mh-excerpt-more\" href=\"https:\/\/diadianoticias.com.br\/?p=15984\" title=\"Ap\u00f3s aumento, Richa abre m\u00e3o do sal\u00e1rio de janeiro e determina que secret\u00e1rios fa\u00e7am o mesmo\">[&#8230;]<\/a><\/p>\n<\/div>","protected":false},"author":4,"featured_media":15985,"comment_status":"open","ping_status":"open","sticky":false,"template":"","format":"standard","meta":{"footnotes":""},"categories":[6],"tags":[],"class_list":{"0":"post-15984","1":"post","2":"type-post","3":"status-publish","4":"format-standard","5":"has-post-thumbnail","7":"category-poltica"},"_links":{"self":[{"href":"https:\/\/diadianoticias.com.br\/index.php?rest_route=\/wp\/v2\/posts\/15984","targetHints":{"allow":["GET"]}}],"collection":[{"href":"https:\/\/diadianoticias.com.br\/index.php?rest_route=\/wp\/v2\/posts"}],"about":[{"href":"https:\/\/diadianoticias.com.br\/index.php?rest_route=\/wp\/v2\/types\/post"}],"author":[{"embeddable":true,"href":"https:\/\/diadianoticias.com.br\/index.php?rest_route=\/wp\/v2\/users\/4"}],"replies":[{"embeddable":true,"href":"https:\/\/diadianoticias.com.br\/index.php?rest_route=%2Fwp%2Fv2%2Fcomments&post=15984"}],"version-history":[{"count":1,"href":"https:\/\/diadianoticias.com.br\/index.php?rest_route=\/wp\/v2\/posts\/15984\/revisions"}],"predecessor-version":[{"id":15986,"href":"https:\/\/diadianoticias.com.br\/index.php?rest_route=\/wp\/v2\/posts\/15984\/revisions\/15986"}],"wp:featuredmedia":[{"embeddable":true,"href":"https:\/\/diadianoticias.com.br\/index.php?rest_route=\/wp\/v2\/media\/15985"}],"wp:attachment":[{"href":"https:\/\/diadianoticias.com.br\/index.php?rest_route=%2Fwp%2Fv2%2Fmedia&parent=15984"}],"wp:term":[{"taxonomy":"category","embeddable":true,"href":"https:\/\/diadianoticias.com.br\/index.php?rest_route=%2Fwp%2Fv2%2Fcategories&post=15984"},{"taxonomy":"post_tag","embeddable":true,"href":"https:\/\/diadianoticias.com.br\/index.php?rest_route=%2Fwp%2Fv2%2Ftags&post=15984"}],"curies":[{"name":"wp","href":"https:\/\/api.w.org\/{rel}","templated":true}]}}