{"id":15821,"date":"2015-01-23T10:04:50","date_gmt":"2015-01-23T10:04:50","guid":{"rendered":"http:\/\/diadianoticias.com.br\/?p=15821"},"modified":"2015-01-23T10:05:07","modified_gmt":"2015-01-23T10:05:07","slug":"acusado-de-estuprar-as-duas-filhas-e-preso-pela-policia-civil","status":"publish","type":"post","link":"https:\/\/diadianoticias.com.br\/?p=15821","title":{"rendered":"Acusado de estuprar as duas filhas \u00e9 preso pela Pol\u00edcia Civil"},"content":{"rendered":"<figure id=\"attachment_15822\" aria-describedby=\"caption-attachment-15822\" style=\"width: 300px\" class=\"wp-caption alignleft\"><a href=\"http:\/\/diadianoticias.com.br\/wp-content\/uploads\/2015\/01\/id23428-23-e5a7915d7f1ac99c9023e140b70d49c4ed0b8979.jpg\"><img loading=\"lazy\" decoding=\"async\" class=\"size-medium wp-image-15822\" src=\"http:\/\/diadianoticias.com.br\/wp-content\/uploads\/2015\/01\/id23428-23-e5a7915d7f1ac99c9023e140b70d49c4ed0b8979-300x208.jpg\" alt=\"Foto: Pol\u00edcia Civil\/Divulga\u00e7\u00e3o \" width=\"300\" height=\"208\" srcset=\"https:\/\/diadianoticias.com.br\/wp-content\/uploads\/2015\/01\/id23428-23-e5a7915d7f1ac99c9023e140b70d49c4ed0b8979-300x208.jpg 300w, https:\/\/diadianoticias.com.br\/wp-content\/uploads\/2015\/01\/id23428-23-e5a7915d7f1ac99c9023e140b70d49c4ed0b8979.jpg 640w\" sizes=\"auto, (max-width: 300px) 100vw, 300px\" \/><\/a><figcaption id=\"caption-attachment-15822\" class=\"wp-caption-text\">Foto: Pol\u00edcia Civil\/Divulga\u00e7\u00e3o<\/figcaption><\/figure>\n<p style=\"text-align: justify;\">O acusado, Luiz de Jesus Nunes, de 52 anos, pai de duas adolescentes de 15 e 17 anos, foi preso na noite de ontem (22) por policiais civis de Foz do Igua\u00e7u. A m\u00e3e das duas menores foi at\u00e9 a 6\u00aa SDP (Subdivis\u00e3o Policial), acompanhada das filhas, e registrou uma acusa\u00e7\u00e3o contra o homem, dizendo que ele praticou abusos sexuais contra as filhas por v\u00e1rios anos.<\/p>\n<p style=\"text-align: justify;\">Segundo o relato das v\u00edtimas, a menina de 17 anos era tocada e acariciada pelo pai nas partes \u00edntimas no per\u00edodo em que a menina tinha entre 7 e 9 anos de idade. Quando ela completou 11 anos, o pai teria consumado definitivamente o ato sexual, o que aconteceu at\u00e9 ela completar 16 anos, e s\u00f3 teve fim quando a jovem saiu de casa depois de casar.<\/p>\n<p style=\"text-align: justify;\">Com a outra filha, a de 15 anos, a hist\u00f3ria n\u00e3o foi diferente. Luiz come\u00e7ou a toc\u00e1-la nas partes \u00edntimas quando a menina tinha apenas 6 anos e teria consumado o ato sexual quando a mesma completou 10 anos de vida. Ele vinha praticando atos sexuais com a filha desde ent\u00e3o.<\/p>\n<p style=\"text-align: justify;\">A m\u00e3e afirma que n\u00e3o sabia dos fatos e, ao tomar conhecimento, procurou a pol\u00edcia. As duas adolescentes informaram que mantinham segredo sobre os abusos, pois eram amea\u00e7adas de morte por Luiz.<\/p>\n<p style=\"text-align: justify;\">A equipe Bravo\/GDE (Grupo de Dilig\u00eancias Especiais) da PC, ciente dos fatos, realizou dilig\u00eancias at\u00e9 o Bairro Carim\u00e3 e prendeu o acusado em flagrante. Luiz foi conduzido \u00e0 carceragem da 6\u00aa SDP e, posteriormente, levado para a Cadeia P\u00fablica, onde dever\u00e1 permanecer \u00e0 disposi\u00e7\u00e3o da justi\u00e7a.<\/p>\n<p><em>(Fonte: CGN \/ Marechal News)<\/em><\/p>\n<p>&nbsp;<\/p>\n","protected":false},"excerpt":{"rendered":"<div class=\"mh-excerpt\"><p>O acusado, Luiz de Jesus Nunes, de 52 anos, pai de duas adolescentes de 15 e 17 anos, foi preso na noite de ontem (22) por policiais civis de Foz do Igua\u00e7u. A m\u00e3e das <a class=\"mh-excerpt-more\" href=\"https:\/\/diadianoticias.com.br\/?p=15821\" title=\"Acusado de estuprar as duas filhas \u00e9 preso pela Pol\u00edcia Civil\">[&#8230;]<\/a><\/p>\n<\/div>","protected":false},"author":4,"featured_media":15822,"comment_status":"open","ping_status":"open","sticky":false,"template":"","format":"standard","meta":{"footnotes":""},"categories":[5],"tags":[],"class_list":{"0":"post-15821","1":"post","2":"type-post","3":"status-publish","4":"format-standard","5":"has-post-thumbnail","7":"category-policiais"},"_links":{"self":[{"href":"https:\/\/diadianoticias.com.br\/index.php?rest_route=\/wp\/v2\/posts\/15821","targetHints":{"allow":["GET"]}}],"collection":[{"href":"https:\/\/diadianoticias.com.br\/index.php?rest_route=\/wp\/v2\/posts"}],"about":[{"href":"https:\/\/diadianoticias.com.br\/index.php?rest_route=\/wp\/v2\/types\/post"}],"author":[{"embeddable":true,"href":"https:\/\/diadianoticias.com.br\/index.php?rest_route=\/wp\/v2\/users\/4"}],"replies":[{"embeddable":true,"href":"https:\/\/diadianoticias.com.br\/index.php?rest_route=%2Fwp%2Fv2%2Fcomments&post=15821"}],"version-history":[{"count":2,"href":"https:\/\/diadianoticias.com.br\/index.php?rest_route=\/wp\/v2\/posts\/15821\/revisions"}],"predecessor-version":[{"id":15824,"href":"https:\/\/diadianoticias.com.br\/index.php?rest_route=\/wp\/v2\/posts\/15821\/revisions\/15824"}],"wp:featuredmedia":[{"embeddable":true,"href":"https:\/\/diadianoticias.com.br\/index.php?rest_route=\/wp\/v2\/media\/15822"}],"wp:attachment":[{"href":"https:\/\/diadianoticias.com.br\/index.php?rest_route=%2Fwp%2Fv2%2Fmedia&parent=15821"}],"wp:term":[{"taxonomy":"category","embeddable":true,"href":"https:\/\/diadianoticias.com.br\/index.php?rest_route=%2Fwp%2Fv2%2Fcategories&post=15821"},{"taxonomy":"post_tag","embeddable":true,"href":"https:\/\/diadianoticias.com.br\/index.php?rest_route=%2Fwp%2Fv2%2Ftags&post=15821"}],"curies":[{"name":"wp","href":"https:\/\/api.w.org\/{rel}","templated":true}]}}