{"id":15810,"date":"2015-01-23T00:56:11","date_gmt":"2015-01-23T00:56:11","guid":{"rendered":"http:\/\/diadianoticias.com.br\/?p=15810"},"modified":"2015-01-23T00:56:11","modified_gmt":"2015-01-23T00:56:11","slug":"carro-de-japura-capota-e-deixa-motorista-ferida-na-pr-082","status":"publish","type":"post","link":"https:\/\/diadianoticias.com.br\/?p=15810","title":{"rendered":"Carro de Japur\u00e1 capota e deixa motorista ferida na PR-082"},"content":{"rendered":"<p style=\"text-align: justify;\"><a href=\"http:\/\/diadianoticias.com.br\/wp-content\/uploads\/2014\/02\/IMG_7746-150x150.jpg\"><img loading=\"lazy\" decoding=\"async\" class=\"alignleft size-full wp-image-13256\" src=\"http:\/\/diadianoticias.com.br\/wp-content\/uploads\/2014\/02\/IMG_7746-150x150.jpg\" alt=\"IMG_7746-150x150\" width=\"250\" height=\"250\" srcset=\"https:\/\/diadianoticias.com.br\/wp-content\/uploads\/2014\/02\/IMG_7746-150x150.jpg 250w, https:\/\/diadianoticias.com.br\/wp-content\/uploads\/2014\/02\/IMG_7746-150x150-150x150.jpg 150w\" sizes=\"auto, (max-width: 250px) 100vw, 250px\" \/><\/a>Um capotamento deixou uma pessoa ferida na manh\u00e3 desta quinta-feira(22) pr\u00f3ximo a tradicional \u201cCurva da Bica\u201d em Cianorte. De acordo com a Pol\u00edcia Rodovi\u00e1ria, o acidente foi registrado por volta das 05h50min.<\/p>\n<p style=\"text-align: justify;\">Segundo a PRE, um ve\u00edculo Fiat Uno com placas de Japur\u00e1, seguia pela rodovia quando a condutora, uma mulher de 29 anos, ao passar pela curva acabou perdendo o controle da dire\u00e7\u00e3o vindo a capotar as margens da rodovia.<\/p>\n<p style=\"text-align: justify;\">O Siate do Corpo de Bombeiros foi acionado e compareceu no local, prestando atendimento \u00e0 condutora, que estava sozinha no ve\u00edculo e necessitou de atendimento. Ap\u00f3s realizar os primeiros procedimentos ainda no local, os socorristas encaminharam a v\u00edtima ao Hospital S\u00e3o Paulo de Cianorte, com ferimentos leves.<\/p>\n","protected":false},"excerpt":{"rendered":"<div class=\"mh-excerpt\"><p>Um capotamento deixou uma pessoa ferida na manh\u00e3 desta quinta-feira(22) pr\u00f3ximo a tradicional \u201cCurva da Bica\u201d em Cianorte. De acordo com a Pol\u00edcia Rodovi\u00e1ria, o acidente foi registrado por volta das 05h50min. Segundo a PRE, <a class=\"mh-excerpt-more\" href=\"https:\/\/diadianoticias.com.br\/?p=15810\" title=\"Carro de Japur\u00e1 capota e deixa motorista ferida na PR-082\">[&#8230;]<\/a><\/p>\n<\/div>","protected":false},"author":4,"featured_media":15811,"comment_status":"open","ping_status":"open","sticky":false,"template":"","format":"standard","meta":{"footnotes":""},"categories":[12],"tags":[],"class_list":{"0":"post-15810","1":"post","2":"type-post","3":"status-publish","4":"format-standard","5":"has-post-thumbnail","7":"category-cidade"},"_links":{"self":[{"href":"https:\/\/diadianoticias.com.br\/index.php?rest_route=\/wp\/v2\/posts\/15810","targetHints":{"allow":["GET"]}}],"collection":[{"href":"https:\/\/diadianoticias.com.br\/index.php?rest_route=\/wp\/v2\/posts"}],"about":[{"href":"https:\/\/diadianoticias.com.br\/index.php?rest_route=\/wp\/v2\/types\/post"}],"author":[{"embeddable":true,"href":"https:\/\/diadianoticias.com.br\/index.php?rest_route=\/wp\/v2\/users\/4"}],"replies":[{"embeddable":true,"href":"https:\/\/diadianoticias.com.br\/index.php?rest_route=%2Fwp%2Fv2%2Fcomments&post=15810"}],"version-history":[{"count":1,"href":"https:\/\/diadianoticias.com.br\/index.php?rest_route=\/wp\/v2\/posts\/15810\/revisions"}],"predecessor-version":[{"id":15812,"href":"https:\/\/diadianoticias.com.br\/index.php?rest_route=\/wp\/v2\/posts\/15810\/revisions\/15812"}],"wp:featuredmedia":[{"embeddable":true,"href":"https:\/\/diadianoticias.com.br\/index.php?rest_route=\/wp\/v2\/media\/15811"}],"wp:attachment":[{"href":"https:\/\/diadianoticias.com.br\/index.php?rest_route=%2Fwp%2Fv2%2Fmedia&parent=15810"}],"wp:term":[{"taxonomy":"category","embeddable":true,"href":"https:\/\/diadianoticias.com.br\/index.php?rest_route=%2Fwp%2Fv2%2Fcategories&post=15810"},{"taxonomy":"post_tag","embeddable":true,"href":"https:\/\/diadianoticias.com.br\/index.php?rest_route=%2Fwp%2Fv2%2Ftags&post=15810"}],"curies":[{"name":"wp","href":"https:\/\/api.w.org\/{rel}","templated":true}]}}