{"id":15798,"date":"2015-01-22T22:39:32","date_gmt":"2015-01-22T22:39:32","guid":{"rendered":"http:\/\/diadianoticias.com.br\/?p=15798"},"modified":"2015-01-22T22:39:32","modified_gmt":"2015-01-22T22:39:32","slug":"operacao-arco-celeste-desbarata-quadrilha-de-assaltantes","status":"publish","type":"post","link":"https:\/\/diadianoticias.com.br\/?p=15798","title":{"rendered":"\u201cOpera\u00e7\u00e3o Arco-Celeste\u201d desbarata quadrilha de assaltantes"},"content":{"rendered":"<p style=\"text-align: justify;\"><a href=\"http:\/\/diadianoticias.com.br\/wp-content\/uploads\/2015\/01\/IMG_1631.jpg\"><img loading=\"lazy\" decoding=\"async\" class=\"alignleft size-medium wp-image-15800\" src=\"http:\/\/diadianoticias.com.br\/wp-content\/uploads\/2015\/01\/IMG_1631-300x225.jpg\" alt=\"IMG_1631\" width=\"300\" height=\"225\" srcset=\"https:\/\/diadianoticias.com.br\/wp-content\/uploads\/2015\/01\/IMG_1631-300x225.jpg 300w, https:\/\/diadianoticias.com.br\/wp-content\/uploads\/2015\/01\/IMG_1631.jpg 640w\" sizes=\"auto, (max-width: 300px) 100vw, 300px\" \/><\/a>Policiais civis do Grupo de Dilig\u00eancias Especiais (GDE) da 7.\u00aa Subdivis\u00e3o Policial (SDP) de Umuarama, com apoio de policiais militares da Radio Patrulha Auto (RPA) do 25\u00ba Batalh\u00e3o de Umuarama, deflagraram, no inicio da manh\u00e3 desta quinta-feira (22), a \u201cOpera\u00e7\u00e3o Arco-Celeste\u201d, que desbaratou uma quadrilha de assaltantes que que agiam na regi\u00e3o. As pris\u00f5es ocorreram no Conjunto Habitacional Arco \u00cdris, local onde a quadrilha residia, origem do nome da opera\u00e7\u00e3o, \u201cArco-Celeste\u201d.<\/p>\n<p style=\"text-align: justify;\">Ao todo, quatro assaltantes foram identificados e cinco roubos foram esclarecidos. Romario Brasil Fracaro, mais conhecido como \u201cNeg\u00e3o\u201d, 21 anos e Maycon Nayd de Souza Silva, o \u201cMaiquinho\u201d, 20 anos, foram presos. J\u00e1 Mauro de Souza, o \u201cTiquinho\u201d, 37 anos e<a href=\"http:\/\/diadianoticias.com.br\/wp-content\/uploads\/2015\/01\/IMG_1629.jpg\"><img loading=\"lazy\" decoding=\"async\" class=\"alignright size-medium wp-image-15799\" src=\"http:\/\/diadianoticias.com.br\/wp-content\/uploads\/2015\/01\/IMG_1629-300x225.jpg\" alt=\"IMG_1629\" width=\"300\" height=\"225\" srcset=\"https:\/\/diadianoticias.com.br\/wp-content\/uploads\/2015\/01\/IMG_1629-300x225.jpg 300w, https:\/\/diadianoticias.com.br\/wp-content\/uploads\/2015\/01\/IMG_1629.jpg 640w\" sizes=\"auto, (max-width: 300px) 100vw, 300px\" \/><\/a> Renei de Carvalho, 21 anos, foram identificados, mas s\u00e3o considerados foragidos da Justi\u00e7a.<\/p>\n<p style=\"text-align: justify;\">As for\u00e7as policiais de Umuarama pedem, para a quem tiver mais informa\u00e7\u00f5es sobre os foragidos, que fa\u00e7am sua den\u00fancia an\u00f4nima pelos telefones 197 da Pol\u00edcia Civil ou pelo 190 da Pol\u00edcia Militar. A den\u00fancia pode ser feita tamb\u00e9m via WhatsApp da Pol\u00edcia Civil, pelo tefefone 8830-2045 ou ainda no 181 do Disque Den\u00fancia.<\/p>\n<p><em>(Coluna do Rato)<\/em><\/p>\n","protected":false},"excerpt":{"rendered":"<div class=\"mh-excerpt\"><p>Policiais civis do Grupo de Dilig\u00eancias Especiais (GDE) da 7.\u00aa Subdivis\u00e3o Policial (SDP) de Umuarama, com apoio de policiais militares da Radio Patrulha Auto (RPA) do 25\u00ba Batalh\u00e3o de Umuarama, deflagraram, no inicio da manh\u00e3 <a class=\"mh-excerpt-more\" href=\"https:\/\/diadianoticias.com.br\/?p=15798\" title=\"\u201cOpera\u00e7\u00e3o Arco-Celeste\u201d desbarata quadrilha de assaltantes\">[&#8230;]<\/a><\/p>\n<\/div>","protected":false},"author":4,"featured_media":15800,"comment_status":"open","ping_status":"open","sticky":false,"template":"","format":"standard","meta":{"footnotes":""},"categories":[8],"tags":[],"class_list":{"0":"post-15798","1":"post","2":"type-post","3":"status-publish","4":"format-standard","5":"has-post-thumbnail","7":"category-regionais"},"_links":{"self":[{"href":"https:\/\/diadianoticias.com.br\/index.php?rest_route=\/wp\/v2\/posts\/15798","targetHints":{"allow":["GET"]}}],"collection":[{"href":"https:\/\/diadianoticias.com.br\/index.php?rest_route=\/wp\/v2\/posts"}],"about":[{"href":"https:\/\/diadianoticias.com.br\/index.php?rest_route=\/wp\/v2\/types\/post"}],"author":[{"embeddable":true,"href":"https:\/\/diadianoticias.com.br\/index.php?rest_route=\/wp\/v2\/users\/4"}],"replies":[{"embeddable":true,"href":"https:\/\/diadianoticias.com.br\/index.php?rest_route=%2Fwp%2Fv2%2Fcomments&post=15798"}],"version-history":[{"count":1,"href":"https:\/\/diadianoticias.com.br\/index.php?rest_route=\/wp\/v2\/posts\/15798\/revisions"}],"predecessor-version":[{"id":15801,"href":"https:\/\/diadianoticias.com.br\/index.php?rest_route=\/wp\/v2\/posts\/15798\/revisions\/15801"}],"wp:featuredmedia":[{"embeddable":true,"href":"https:\/\/diadianoticias.com.br\/index.php?rest_route=\/wp\/v2\/media\/15800"}],"wp:attachment":[{"href":"https:\/\/diadianoticias.com.br\/index.php?rest_route=%2Fwp%2Fv2%2Fmedia&parent=15798"}],"wp:term":[{"taxonomy":"category","embeddable":true,"href":"https:\/\/diadianoticias.com.br\/index.php?rest_route=%2Fwp%2Fv2%2Fcategories&post=15798"},{"taxonomy":"post_tag","embeddable":true,"href":"https:\/\/diadianoticias.com.br\/index.php?rest_route=%2Fwp%2Fv2%2Ftags&post=15798"}],"curies":[{"name":"wp","href":"https:\/\/api.w.org\/{rel}","templated":true}]}}