{"id":15779,"date":"2015-01-22T10:01:54","date_gmt":"2015-01-22T10:01:54","guid":{"rendered":"http:\/\/diadianoticias.com.br\/?p=15779"},"modified":"2015-01-22T10:01:54","modified_gmt":"2015-01-22T10:01:54","slug":"homem-com-mandado-de-prisao-e-detido-pela-equipe-rocam-no-bosque-da-matriz","status":"publish","type":"post","link":"https:\/\/diadianoticias.com.br\/?p=15779","title":{"rendered":"Homem com mandado de pris\u00e3o \u00e9 detido pela equipe ROCAM no bosque da Matriz"},"content":{"rendered":"<p style=\"text-align: justify;\"><a href=\"http:\/\/diadianoticias.com.br\/wp-content\/uploads\/2015\/01\/unnamed-5.jpg\"><img loading=\"lazy\" decoding=\"async\" class=\"alignleft size-medium wp-image-15780\" src=\"http:\/\/diadianoticias.com.br\/wp-content\/uploads\/2015\/01\/unnamed-5-300x225.jpg\" alt=\"unnamed (5)\" width=\"300\" height=\"225\" srcset=\"https:\/\/diadianoticias.com.br\/wp-content\/uploads\/2015\/01\/unnamed-5-300x225.jpg 300w, https:\/\/diadianoticias.com.br\/wp-content\/uploads\/2015\/01\/unnamed-5-1024x768.jpg 1024w, https:\/\/diadianoticias.com.br\/wp-content\/uploads\/2015\/01\/unnamed-5.jpg 1333w\" sizes=\"auto, (max-width: 300px) 100vw, 300px\" \/><\/a>Policiais Militares da Equipe ROCAM realizaram a deten\u00e7\u00e3o de um homem de 28 anos que possu\u00eda um mandado de pris\u00e3o em seu desfavor. A pris\u00e3o ocorreu por volta das 12h15min, no bosque da Pra\u00e7a Jo\u00e3o XXIII, no centro de Cianorte.<\/p>\n<p style=\"text-align: justify;\">De acordo com a PM, os policiais estavam em patrulhamento pelo interior do bosque, quando avistaram um indiv\u00edduo, que ao notar a presen\u00e7a da equipe policial, se comportou de maneira suspeita.<\/p>\n<p style=\"text-align: justify;\">Diante dos fatos, a equipe policial deu voz de abordagem ao mesmo, sendo ent\u00e3o realizada uma revista pessoal e nada de il\u00edcito sendo encontrado com ele, por\u00e9m, quando os policiais checaram junto ao sistema, foi encontrado um mandado de pris\u00e3o em aberto em desfavor do mesmo por furto qualificado.<\/p>\n<p style=\"text-align: justify;\">O homem ent\u00e3o recebeu voz de pris\u00e3o e foi conduzido para o Cart\u00f3rio da 5\u00aaCIPM para a lavratura do Boletim de Ocorr\u00eancia e posteriormente foi encaminhado para a 21\u00aa SDP de Cianorte.<\/p>\n","protected":false},"excerpt":{"rendered":"<div class=\"mh-excerpt\"><p>Policiais Militares da Equipe ROCAM realizaram a deten\u00e7\u00e3o de um homem de 28 anos que possu\u00eda um mandado de pris\u00e3o em seu desfavor. A pris\u00e3o ocorreu por volta das 12h15min, no bosque da Pra\u00e7a Jo\u00e3o <a class=\"mh-excerpt-more\" href=\"https:\/\/diadianoticias.com.br\/?p=15779\" title=\"Homem com mandado de pris\u00e3o \u00e9 detido pela equipe ROCAM no bosque da Matriz\">[&#8230;]<\/a><\/p>\n<\/div>","protected":false},"author":4,"featured_media":15780,"comment_status":"open","ping_status":"open","sticky":false,"template":"","format":"standard","meta":{"footnotes":""},"categories":[5],"tags":[],"class_list":{"0":"post-15779","1":"post","2":"type-post","3":"status-publish","4":"format-standard","5":"has-post-thumbnail","7":"category-policiais"},"_links":{"self":[{"href":"https:\/\/diadianoticias.com.br\/index.php?rest_route=\/wp\/v2\/posts\/15779","targetHints":{"allow":["GET"]}}],"collection":[{"href":"https:\/\/diadianoticias.com.br\/index.php?rest_route=\/wp\/v2\/posts"}],"about":[{"href":"https:\/\/diadianoticias.com.br\/index.php?rest_route=\/wp\/v2\/types\/post"}],"author":[{"embeddable":true,"href":"https:\/\/diadianoticias.com.br\/index.php?rest_route=\/wp\/v2\/users\/4"}],"replies":[{"embeddable":true,"href":"https:\/\/diadianoticias.com.br\/index.php?rest_route=%2Fwp%2Fv2%2Fcomments&post=15779"}],"version-history":[{"count":0,"href":"https:\/\/diadianoticias.com.br\/index.php?rest_route=\/wp\/v2\/posts\/15779\/revisions"}],"wp:featuredmedia":[{"embeddable":true,"href":"https:\/\/diadianoticias.com.br\/index.php?rest_route=\/wp\/v2\/media\/15780"}],"wp:attachment":[{"href":"https:\/\/diadianoticias.com.br\/index.php?rest_route=%2Fwp%2Fv2%2Fmedia&parent=15779"}],"wp:term":[{"taxonomy":"category","embeddable":true,"href":"https:\/\/diadianoticias.com.br\/index.php?rest_route=%2Fwp%2Fv2%2Fcategories&post=15779"},{"taxonomy":"post_tag","embeddable":true,"href":"https:\/\/diadianoticias.com.br\/index.php?rest_route=%2Fwp%2Fv2%2Ftags&post=15779"}],"curies":[{"name":"wp","href":"https:\/\/api.w.org\/{rel}","templated":true}]}}